{"id":9765,"date":"2016-05-26T17:47:59","date_gmt":"2016-05-26T17:47:59","guid":{"rendered":"https:\/\/catedra-alberto-benveniste.org\/judaica-mostra-de-cinema-e-cultura-distinguida-com-o-prestigiado-selo-europe-for-festivals-festivals-for-europe\/"},"modified":"2016-05-26T17:47:59","modified_gmt":"2016-05-26T17:47:59","slug":"judaica-mostra-de-cinema-e-cultura-distinguida-com-o-prestigiado-selo-europe-for-festivals-festivals-for-europe","status":"publish","type":"post","link":"https:\/\/catedra-alberto-benveniste.org\/en\/judaica-mostra-de-cinema-e-cultura-distinguida-com-o-prestigiado-selo-europe-for-festivals-festivals-for-europe\/","title":{"rendered":"Judaica-Mostra de Cinema e Cultura distinguida com o prestigiado selo &#8220;Europe for Festivals, Festivals for Europe&#8221;"},"content":{"rendered":"<p>A C\u00e1tedra de Estudos Sefarditas &#8220;Alberto Benveniste&#8221; congratula-se com esta distin\u00e7\u00e3o atribu\u00edda a Judaica-Mostra de Cinema e Cultura. <\/p>\n<p>Ap\u00f3s um intenso processo de avalia\u00e7\u00e3o por parte dos peritos nacionais, e aprova\u00e7\u00e3o do j\u00fari internacional, a distin\u00e7\u00e3o foi concedida a 761 festivais de 31 pa\u00edses de Europa que se destacam pela sua qualidade art\u00edstica, e que est\u00e3o profundamente comprometidos com as artes, com as suas comunidades e os valores europeus e que t\u00eam um impacto significativo a n\u00edvel local, nacional e internacional.<\/p>\n<p>Nas palavras dos coordenadores da EFFE, a Judaica-Mostra de Cinema e Cultura pertence, a partir de agora, \u00e0 comunidade de excel\u00eancia entre os festivais da Europa, a primeira \u201cgera\u00e7\u00e3o\u201d deste programa piloto, tornando-se assim numa Embaixadora do EFFE. Ao desenvolver esta comunidade com toda a sua criatividade, a Judaica e os demais festivais merecedores do selo, promovem o que h\u00e1 de mais precioso na Europa: a sua diversidade cultural.  <\/p>\n<p>A EFFE &#8211; Europe for Festivals, Festivals for Europe, \u00e9 um novo portal para os cidad\u00e3os e os profissionais que permitir\u00e1 interligar todos os festivais da Europa. <\/p>\n<p>Toda a informa\u00e7\u00e3o est\u00e1 dispon\u00edvel no site da EFFE: www.effe.eu<\/p>\n<p>Este reconhecimento adicional \u00e0 Judaica \u00e9 tamb\u00e9m um reconhecimento a todos os que, desde um in\u00edcio, acreditaram no seu valor  e apoiaram o projeto. Mas para ser mais e melhor, e para cumprir cabalmente com a responsabilidade acrescida que esta distin\u00e7\u00e3o implica, ser\u00e1 vital continuar a juntar vontades. <\/p>\n","protected":false},"excerpt":{"rendered":"<p>A C\u00e1tedra de Estudos Sefarditas &#8220;Alberto Benveniste&#8221; congratula-se com esta distin\u00e7\u00e3o atribu\u00edda a Judaica-Mostra de Cinema e Cultura.<\/p>\n","protected":false},"author":1,"featured_media":8334,"comment_status":"open","ping_status":"open","sticky":false,"template":"","format":"standard","meta":{"footnotes":""},"categories":[49],"tags":[],"class_list":["post-9765","post","type-post","status-publish","format-standard","has-post-thumbnail","hentry","category-noticias-en"],"_links":{"self":[{"href":"https:\/\/catedra-alberto-benveniste.org\/en\/wp-json\/wp\/v2\/posts\/9765","targetHints":{"allow":["GET"]}}],"collection":[{"href":"https:\/\/catedra-alberto-benveniste.org\/en\/wp-json\/wp\/v2\/posts"}],"about":[{"href":"https:\/\/catedra-alberto-benveniste.org\/en\/wp-json\/wp\/v2\/types\/post"}],"author":[{"embeddable":true,"href":"https:\/\/catedra-alberto-benveniste.org\/en\/wp-json\/wp\/v2\/users\/1"}],"replies":[{"embeddable":true,"href":"https:\/\/catedra-alberto-benveniste.org\/en\/wp-json\/wp\/v2\/comments?post=9765"}],"version-history":[{"count":0,"href":"https:\/\/catedra-alberto-benveniste.org\/en\/wp-json\/wp\/v2\/posts\/9765\/revisions"}],"wp:featuredmedia":[{"embeddable":true,"href":"https:\/\/catedra-alberto-benveniste.org\/en\/wp-json\/wp\/v2\/media\/8334"}],"wp:attachment":[{"href":"https:\/\/catedra-alberto-benveniste.org\/en\/wp-json\/wp\/v2\/media?parent=9765"}],"wp:term":[{"taxonomy":"category","embeddable":true,"href":"https:\/\/catedra-alberto-benveniste.org\/en\/wp-json\/wp\/v2\/categories?post=9765"},{"taxonomy":"post_tag","embeddable":true,"href":"https:\/\/catedra-alberto-benveniste.org\/en\/wp-json\/wp\/v2\/tags?post=9765"}],"curies":[{"name":"wp","href":"https:\/\/api.w.org\/{rel}","templated":true}]}}