{"id":9762,"date":"2016-07-09T20:23:59","date_gmt":"2016-07-09T20:23:59","guid":{"rendered":"https:\/\/catedra-alberto-benveniste.org\/sessao-plenaria-em-budapeste-international-holocaust-remembrance-alliance-ihra\/"},"modified":"2016-07-09T20:23:59","modified_gmt":"2016-07-09T20:23:59","slug":"sessao-plenaria-em-budapeste-international-holocaust-remembrance-alliance-ihra","status":"publish","type":"post","link":"https:\/\/catedra-alberto-benveniste.org\/en\/sessao-plenaria-em-budapeste-international-holocaust-remembrance-alliance-ihra\/","title":{"rendered":"Sess\u00e3o plen\u00e1ria em Budapeste &#8211; International Holocaust Remembrance Alliance (IHRA)"},"content":{"rendered":"<p><a href=\"https:\/\/www.holocaustremembrance.com\/media-room\/stories\/ihra-plenary-meetings-budapest-june-2015\">Visite o site<\/a><\/p>\n<p>8-11 de Junho, 2015<br \/>\nEntre os dias 8 e 11 de Junho, ocorreu em Budapeste a sess\u00e3o plen\u00e1ria da International Holocaust Remembrance Alliance(IHRA), Budapeste, tendo contado com a presen\u00e7a da Prof. Doutora Maria de F\u00e1tima Reis, Directora da C\u00e1tedra de Estudos Sefarditas \u00abAlberto Benveniste\u00bb, como delegada da Funda\u00e7\u00e3o para a Ci\u00eancia e Tecnologia no Academic Work Group. A delega\u00e7\u00e3o portuguesa na IHRA \u00e9 presidida pelo Embaixador Lu\u00eds Barreiros.<\/p>\n","protected":false},"excerpt":{"rendered":"<p>Visite o site<\/p>\n","protected":false},"author":1,"featured_media":8337,"comment_status":"open","ping_status":"open","sticky":false,"template":"","format":"standard","meta":{"footnotes":""},"categories":[49],"tags":[],"class_list":["post-9762","post","type-post","status-publish","format-standard","has-post-thumbnail","hentry","category-noticias-en"],"_links":{"self":[{"href":"https:\/\/catedra-alberto-benveniste.org\/en\/wp-json\/wp\/v2\/posts\/9762","targetHints":{"allow":["GET"]}}],"collection":[{"href":"https:\/\/catedra-alberto-benveniste.org\/en\/wp-json\/wp\/v2\/posts"}],"about":[{"href":"https:\/\/catedra-alberto-benveniste.org\/en\/wp-json\/wp\/v2\/types\/post"}],"author":[{"embeddable":true,"href":"https:\/\/catedra-alberto-benveniste.org\/en\/wp-json\/wp\/v2\/users\/1"}],"replies":[{"embeddable":true,"href":"https:\/\/catedra-alberto-benveniste.org\/en\/wp-json\/wp\/v2\/comments?post=9762"}],"version-history":[{"count":0,"href":"https:\/\/catedra-alberto-benveniste.org\/en\/wp-json\/wp\/v2\/posts\/9762\/revisions"}],"wp:featuredmedia":[{"embeddable":true,"href":"https:\/\/catedra-alberto-benveniste.org\/en\/wp-json\/wp\/v2\/media\/8337"}],"wp:attachment":[{"href":"https:\/\/catedra-alberto-benveniste.org\/en\/wp-json\/wp\/v2\/media?parent=9762"}],"wp:term":[{"taxonomy":"category","embeddable":true,"href":"https:\/\/catedra-alberto-benveniste.org\/en\/wp-json\/wp\/v2\/categories?post=9762"},{"taxonomy":"post_tag","embeddable":true,"href":"https:\/\/catedra-alberto-benveniste.org\/en\/wp-json\/wp\/v2\/tags?post=9762"}],"curies":[{"name":"wp","href":"https:\/\/api.w.org\/{rel}","templated":true}]}}