{"id":9755,"date":"2016-10-20T18:27:59","date_gmt":"2016-10-20T18:27:59","guid":{"rendered":"https:\/\/catedra-alberto-benveniste.org\/encerramento-do-5-o-ciclo-de-conferencias-luso-italianas\/"},"modified":"2016-10-20T18:27:59","modified_gmt":"2016-10-20T18:27:59","slug":"encerramento-do-5-o-ciclo-de-conferencias-luso-italianas","status":"publish","type":"post","link":"https:\/\/catedra-alberto-benveniste.org\/en\/encerramento-do-5-o-ciclo-de-conferencias-luso-italianas\/","title":{"rendered":"Encerramento do 5.\u00ba Ciclo de Confer\u00eancias Luso-Italianas"},"content":{"rendered":"<p>Confer\u00eancia \u201cUna famiglia romana e il Portogallo nel Seicento: note e documenti dall&#8217;archivio Orsini\u201d por Irene Fosi (Universit\u00e0 Chieti-Pescara) e apresenta\u00e7\u00e3o do livro \u201cCon gran mare e fortuna. Circula\u00e7\u00e3o de mercadorias, pessoas e ideias entre Portugal e It\u00e1lia na \u00c9poca Moderna\u201d por Maria de F\u00e1tima Reis (C\u00e1tedra de Estudos Sefarditas \u00abAlberto Benveniste\u00bb) e Gaetano Sabatini (Universit\u00e0 Roma Tre)<\/p>\n<p>28 de Janeiro, 18.30, Embaixada de It\u00e1lia (Entrada por convite)<\/p>\n","protected":false},"excerpt":{"rendered":"<p>Confer\u00eancia \u201cUna famiglia romana e il Portogallo nel Seicento: note e documenti dall&#8217;archivio Orsini\u201d por Irene Fosi (Universit\u00e0 Chieti-Pescara) e apresenta\u00e7\u00e3o do livro \u201cCon gran mare e fortuna. Circula\u00e7\u00e3o de mercadorias, pessoas e ideias entre Portugal e It\u00e1lia na \u00c9poca Moderna\u201d por Maria de F\u00e1tima Reis (C\u00e1tedra de Estudos Sefarditas \u00abAlberto Benveniste\u00bb) e Gaetano Sabatini (Universit\u00e0 Roma Tre)<\/p>\n","protected":false},"author":1,"featured_media":8342,"comment_status":"open","ping_status":"open","sticky":false,"template":"","format":"standard","meta":{"footnotes":""},"categories":[49],"tags":[],"class_list":["post-9755","post","type-post","status-publish","format-standard","has-post-thumbnail","hentry","category-noticias-en"],"_links":{"self":[{"href":"https:\/\/catedra-alberto-benveniste.org\/en\/wp-json\/wp\/v2\/posts\/9755","targetHints":{"allow":["GET"]}}],"collection":[{"href":"https:\/\/catedra-alberto-benveniste.org\/en\/wp-json\/wp\/v2\/posts"}],"about":[{"href":"https:\/\/catedra-alberto-benveniste.org\/en\/wp-json\/wp\/v2\/types\/post"}],"author":[{"embeddable":true,"href":"https:\/\/catedra-alberto-benveniste.org\/en\/wp-json\/wp\/v2\/users\/1"}],"replies":[{"embeddable":true,"href":"https:\/\/catedra-alberto-benveniste.org\/en\/wp-json\/wp\/v2\/comments?post=9755"}],"version-history":[{"count":0,"href":"https:\/\/catedra-alberto-benveniste.org\/en\/wp-json\/wp\/v2\/posts\/9755\/revisions"}],"wp:featuredmedia":[{"embeddable":true,"href":"https:\/\/catedra-alberto-benveniste.org\/en\/wp-json\/wp\/v2\/media\/8342"}],"wp:attachment":[{"href":"https:\/\/catedra-alberto-benveniste.org\/en\/wp-json\/wp\/v2\/media?parent=9755"}],"wp:term":[{"taxonomy":"category","embeddable":true,"href":"https:\/\/catedra-alberto-benveniste.org\/en\/wp-json\/wp\/v2\/categories?post=9755"},{"taxonomy":"post_tag","embeddable":true,"href":"https:\/\/catedra-alberto-benveniste.org\/en\/wp-json\/wp\/v2\/tags?post=9755"}],"curies":[{"name":"wp","href":"https:\/\/api.w.org\/{rel}","templated":true}]}}