{"id":9753,"date":"2016-11-19T04:11:59","date_gmt":"2016-11-19T04:11:59","guid":{"rendered":"https:\/\/catedra-alberto-benveniste.org\/ja-a-venda-con-gran-mare-e-fortuna-circulacao-de-mercadorias-pessoas-e-ideias-entre-portugal-e-italia-na-epoca-moderna\/"},"modified":"2016-11-19T04:11:59","modified_gmt":"2016-11-19T04:11:59","slug":"ja-a-venda-con-gran-mare-e-fortuna-circulacao-de-mercadorias-pessoas-e-ideias-entre-portugal-e-italia-na-epoca-moderna","status":"publish","type":"post","link":"https:\/\/catedra-alberto-benveniste.org\/en\/ja-a-venda-con-gran-mare-e-fortuna-circulacao-de-mercadorias-pessoas-e-ideias-entre-portugal-e-italia-na-epoca-moderna\/","title":{"rendered":"J\u00e1 \u00e0 venda: Con gran mare e fortuna. Circula\u00e7\u00e3o de mercadorias, pessoas e ideias entre Portugal e It\u00e1lia na \u00c9poca Moderna"},"content":{"rendered":"<p>Pref\u00e1cio de Marco Spallanzani.<br \/>\nOrgs.: Nunziatella Alessandrini, Susana Bastos Mateus, Mariagrazia Russo e Gaetano Sabatini<\/p>\n<p>O presente volume, o 3.\u00ba num percurso que quer aprofundar o estudo das rela\u00e7\u00f5es luso-italianas nos s\u00e9culos XV-XVIII nas suas vertentes mais abrangentes, surge assinalado por duas palavras, Mar e Fortuna, nas suas acep\u00e7\u00f5es de for\u00e7a e, ao mesmo tempo, de fraqueza e de limita\u00e7\u00e3o. A extens\u00e3o oce\u00e2nica dos dom\u00ednios castelhanos e portugueses, nos finais do s\u00e9culo XV, ampliou o espa\u00e7o de interven\u00e7\u00e3o das monarquias ib\u00e9ricas \u00e0 \u00c1frica, \u00e0 Am\u00e9rica e \u00e0 \u00c1sia, e o mar, elemento geogr\u00e1fico que marca o avan\u00e7o econ\u00f3mico europeu, determina a import\u00e2ncia das cidades portu\u00e1rias localizadas ao longo das costas atl\u00e2nticas e mediterr\u00e2nicas que, a partir da segunda metade do s\u00e9culo XVI, se tornam p\u00f3los de atrac\u00e7\u00e3o para as actividades de operadores comerciais oriundos de v\u00e1rias partes da Europa. Recentemente surgiram importantes contributos historiogr\u00e1ficos no que diz respeito ao conhecimento das transac\u00e7\u00f5es comerciais e \u00e0 circula\u00e7\u00e3o de mercadorias entre a It\u00e1lia e Portugal, resultando num quadro extremamente rico sobre os mercados europeus. Por outro lado, tem sido destacada a ampla circula\u00e7\u00e3o de indiv\u00edduos que acompanham estas movimenta\u00e7\u00f5es, n\u00e3o apenas os mercadores mas tamb\u00e9m outros grupos, como os eclesi\u00e1sticos ou os agentes diplom\u00e1ticos. Estes indiv\u00edduos levavam consigo mercadorias &#8211; muitas delas oriundas dos distantes espa\u00e7os geogr\u00e1ficos que compunham os imp\u00e9rios ib\u00e9ricos &#8211; e tamb\u00e9m ideias. Assim, circulavam diferentes gostos, diferentes sensibilidades religiosas e culturais, not\u00edcias e novidades de todo o tipo, teorias pol\u00edticas e econ\u00f3micas, que concorriam para a cria\u00e7\u00e3o de um universo intelectual mais complexo e poliss\u00e9mico.<\/p>\n<p>PVP: 13.00 \u20ac<\/p>\n","protected":false},"excerpt":{"rendered":"<p>Pref\u00e1cio de Marco Spallanzani.<br \/>\nOrgs.: Nunziatella Alessandrini, Susana Bastos Mateus, Mariagrazia Russo e Gaetano Sabatini<\/p>\n","protected":false},"author":1,"featured_media":8344,"comment_status":"open","ping_status":"open","sticky":false,"template":"","format":"standard","meta":{"footnotes":""},"categories":[49],"tags":[],"class_list":["post-9753","post","type-post","status-publish","format-standard","has-post-thumbnail","hentry","category-noticias-en"],"_links":{"self":[{"href":"https:\/\/catedra-alberto-benveniste.org\/en\/wp-json\/wp\/v2\/posts\/9753","targetHints":{"allow":["GET"]}}],"collection":[{"href":"https:\/\/catedra-alberto-benveniste.org\/en\/wp-json\/wp\/v2\/posts"}],"about":[{"href":"https:\/\/catedra-alberto-benveniste.org\/en\/wp-json\/wp\/v2\/types\/post"}],"author":[{"embeddable":true,"href":"https:\/\/catedra-alberto-benveniste.org\/en\/wp-json\/wp\/v2\/users\/1"}],"replies":[{"embeddable":true,"href":"https:\/\/catedra-alberto-benveniste.org\/en\/wp-json\/wp\/v2\/comments?post=9753"}],"version-history":[{"count":0,"href":"https:\/\/catedra-alberto-benveniste.org\/en\/wp-json\/wp\/v2\/posts\/9753\/revisions"}],"wp:featuredmedia":[{"embeddable":true,"href":"https:\/\/catedra-alberto-benveniste.org\/en\/wp-json\/wp\/v2\/media\/8344"}],"wp:attachment":[{"href":"https:\/\/catedra-alberto-benveniste.org\/en\/wp-json\/wp\/v2\/media?parent=9753"}],"wp:term":[{"taxonomy":"category","embeddable":true,"href":"https:\/\/catedra-alberto-benveniste.org\/en\/wp-json\/wp\/v2\/categories?post=9753"},{"taxonomy":"post_tag","embeddable":true,"href":"https:\/\/catedra-alberto-benveniste.org\/en\/wp-json\/wp\/v2\/tags?post=9753"}],"curies":[{"name":"wp","href":"https:\/\/api.w.org\/{rel}","templated":true}]}}