{"id":9743,"date":"2017-04-15T04:51:59","date_gmt":"2017-04-15T04:51:59","guid":{"rendered":"https:\/\/catedra-alberto-benveniste.org\/encerramento-da-biblioteca-no-proximo-dia-25-de-maio\/"},"modified":"2017-04-15T04:51:59","modified_gmt":"2017-04-15T04:51:59","slug":"encerramento-da-biblioteca-no-proximo-dia-25-de-maio","status":"publish","type":"post","link":"https:\/\/catedra-alberto-benveniste.org\/en\/encerramento-da-biblioteca-no-proximo-dia-25-de-maio\/","title":{"rendered":"Encerramento da Biblioteca no pr\u00f3ximo dia 25 de Maio"},"content":{"rendered":"<p>A Biblioteca da C\u00e1tedra de Estudos Sefarditas \u00abAlberto Benveniste\u00bb estar\u00e1 encerrada na pr\u00f3xima quarta-feira, dia 25 de Maio. Reabrimos no dia 1 de Junho no hor\u00e1rio habitual.<\/p>\n","protected":false},"excerpt":{"rendered":"<p>A Biblioteca da C\u00e1tedra de Estudos Sefarditas \u00abAlberto Benveniste\u00bb estar\u00e1 encerrada na pr\u00f3xima quarta-feira, dia 25 de Maio. Reabrimos no dia 1 de Junho no hor\u00e1rio habitual.<\/p>\n","protected":false},"author":1,"featured_media":8805,"comment_status":"open","ping_status":"open","sticky":false,"template":"","format":"standard","meta":{"footnotes":""},"categories":[49],"tags":[],"class_list":["post-9743","post","type-post","status-publish","format-standard","has-post-thumbnail","hentry","category-noticias-en"],"_links":{"self":[{"href":"https:\/\/catedra-alberto-benveniste.org\/en\/wp-json\/wp\/v2\/posts\/9743","targetHints":{"allow":["GET"]}}],"collection":[{"href":"https:\/\/catedra-alberto-benveniste.org\/en\/wp-json\/wp\/v2\/posts"}],"about":[{"href":"https:\/\/catedra-alberto-benveniste.org\/en\/wp-json\/wp\/v2\/types\/post"}],"author":[{"embeddable":true,"href":"https:\/\/catedra-alberto-benveniste.org\/en\/wp-json\/wp\/v2\/users\/1"}],"replies":[{"embeddable":true,"href":"https:\/\/catedra-alberto-benveniste.org\/en\/wp-json\/wp\/v2\/comments?post=9743"}],"version-history":[{"count":0,"href":"https:\/\/catedra-alberto-benveniste.org\/en\/wp-json\/wp\/v2\/posts\/9743\/revisions"}],"wp:featuredmedia":[{"embeddable":true,"href":"https:\/\/catedra-alberto-benveniste.org\/en\/wp-json\/wp\/v2\/media\/8805"}],"wp:attachment":[{"href":"https:\/\/catedra-alberto-benveniste.org\/en\/wp-json\/wp\/v2\/media?parent=9743"}],"wp:term":[{"taxonomy":"category","embeddable":true,"href":"https:\/\/catedra-alberto-benveniste.org\/en\/wp-json\/wp\/v2\/categories?post=9743"},{"taxonomy":"post_tag","embeddable":true,"href":"https:\/\/catedra-alberto-benveniste.org\/en\/wp-json\/wp\/v2\/tags?post=9743"}],"curies":[{"name":"wp","href":"https:\/\/api.w.org\/{rel}","templated":true}]}}