{"id":9741,"date":"2017-05-14T14:35:59","date_gmt":"2017-05-14T14:35:59","guid":{"rendered":"https:\/\/catedra-alberto-benveniste.org\/numeros-dos-cadernos-de-estudos-sefarditas-gratuitos-durante-o-mes-de-junho\/"},"modified":"2017-05-14T14:35:59","modified_gmt":"2017-05-14T14:35:59","slug":"numeros-dos-cadernos-de-estudos-sefarditas-gratuitos-durante-o-mes-de-junho","status":"publish","type":"post","link":"https:\/\/catedra-alberto-benveniste.org\/en\/numeros-dos-cadernos-de-estudos-sefarditas-gratuitos-durante-o-mes-de-junho\/","title":{"rendered":"N\u00fameros dos Cadernos de Estudos Sefarditas gratuitos durante o m\u00eas de Junho"},"content":{"rendered":"<p>No \u00e2mbito da comemora\u00e7\u00e3o dos 20 anos, a C\u00e1tedra de Estudos Sefarditas \u00abAlberto Benveniste\u00bb tem o gosto de informar que os n\u00fameros 3 a 14 dos Cadernos de Estudos Sefarditas poder\u00e3o ser adquiridos gratuitamente, de acordo com o stock dispon\u00edvel, durante todo o m\u00eas de Junho, nas instala\u00e7\u00f5es da biblioteca, durante o seu hor\u00e1rio de funcionamento (Quartas-feiras, 12.00-15.00).<\/p>\n<p>42522<\/p>\n","protected":false},"excerpt":{"rendered":"<p>No \u00e2mbito da comemora\u00e7\u00e3o dos 20 anos, a C\u00e1tedra de Estudos Sefarditas \u00abAlberto Benveniste\u00bb tem o gosto de informar que os n\u00fameros 3 a 14 dos Cadernos de Estudos Sefarditas poder\u00e3o ser adquiridos gratuitamente, de acordo com o stock dispon\u00edvel, durante todo o m\u00eas de Junho, nas instala\u00e7\u00f5es da biblioteca, durante o seu hor\u00e1rio de funcionamento (Quartas-feiras, 12.00-15.00).<\/p>\n","protected":false},"author":1,"featured_media":8356,"comment_status":"open","ping_status":"open","sticky":false,"template":"","format":"standard","meta":{"footnotes":""},"categories":[49],"tags":[],"class_list":["post-9741","post","type-post","status-publish","format-standard","has-post-thumbnail","hentry","category-noticias-en"],"_links":{"self":[{"href":"https:\/\/catedra-alberto-benveniste.org\/en\/wp-json\/wp\/v2\/posts\/9741","targetHints":{"allow":["GET"]}}],"collection":[{"href":"https:\/\/catedra-alberto-benveniste.org\/en\/wp-json\/wp\/v2\/posts"}],"about":[{"href":"https:\/\/catedra-alberto-benveniste.org\/en\/wp-json\/wp\/v2\/types\/post"}],"author":[{"embeddable":true,"href":"https:\/\/catedra-alberto-benveniste.org\/en\/wp-json\/wp\/v2\/users\/1"}],"replies":[{"embeddable":true,"href":"https:\/\/catedra-alberto-benveniste.org\/en\/wp-json\/wp\/v2\/comments?post=9741"}],"version-history":[{"count":0,"href":"https:\/\/catedra-alberto-benveniste.org\/en\/wp-json\/wp\/v2\/posts\/9741\/revisions"}],"wp:featuredmedia":[{"embeddable":true,"href":"https:\/\/catedra-alberto-benveniste.org\/en\/wp-json\/wp\/v2\/media\/8356"}],"wp:attachment":[{"href":"https:\/\/catedra-alberto-benveniste.org\/en\/wp-json\/wp\/v2\/media?parent=9741"}],"wp:term":[{"taxonomy":"category","embeddable":true,"href":"https:\/\/catedra-alberto-benveniste.org\/en\/wp-json\/wp\/v2\/categories?post=9741"},{"taxonomy":"post_tag","embeddable":true,"href":"https:\/\/catedra-alberto-benveniste.org\/en\/wp-json\/wp\/v2\/tags?post=9741"}],"curies":[{"name":"wp","href":"https:\/\/api.w.org\/{rel}","templated":true}]}}