{"id":9729,"date":"2017-11-07T00:59:59","date_gmt":"2017-11-07T00:59:59","guid":{"rendered":"https:\/\/catedra-alberto-benveniste.org\/encerramento-para-mudanca-de-instalacoes\/"},"modified":"2017-11-07T00:59:59","modified_gmt":"2017-11-07T00:59:59","slug":"encerramento-para-mudanca-de-instalacoes","status":"publish","type":"post","link":"https:\/\/catedra-alberto-benveniste.org\/en\/encerramento-para-mudanca-de-instalacoes\/","title":{"rendered":"Encerramento para mudan\u00e7a de instala\u00e7\u00f5es"},"content":{"rendered":"<p>A Biblioteca da C\u00e1tedra de Estudos Sefarditas \u00abAlberto Benveniste\u00bb estar\u00e1 encerrada a partir de dia 21 de Setembro devido a mudan\u00e7a de instala\u00e7\u00f5es para outro espa\u00e7o da Faculdade de Letras.<\/p>\n<p>A partir 21 de Setembro<br \/>\nQualquer quest\u00e3o dever\u00e1 ser endere\u00e7ada para o nosso email: cesab@letras.ulisboa.pt<\/p>\n","protected":false},"excerpt":{"rendered":"<p>A Biblioteca da C\u00e1tedra de Estudos Sefarditas \u00abAlberto Benveniste\u00bb estar\u00e1 encerrada a partir de dia 21 de Setembro devido a mudan\u00e7a de instala\u00e7\u00f5es para outro espa\u00e7o da Faculdade de Letras.<\/p>\n","protected":false},"author":1,"featured_media":8813,"comment_status":"open","ping_status":"open","sticky":false,"template":"","format":"standard","meta":{"footnotes":""},"categories":[49],"tags":[],"class_list":["post-9729","post","type-post","status-publish","format-standard","has-post-thumbnail","hentry","category-noticias-en"],"_links":{"self":[{"href":"https:\/\/catedra-alberto-benveniste.org\/en\/wp-json\/wp\/v2\/posts\/9729","targetHints":{"allow":["GET"]}}],"collection":[{"href":"https:\/\/catedra-alberto-benveniste.org\/en\/wp-json\/wp\/v2\/posts"}],"about":[{"href":"https:\/\/catedra-alberto-benveniste.org\/en\/wp-json\/wp\/v2\/types\/post"}],"author":[{"embeddable":true,"href":"https:\/\/catedra-alberto-benveniste.org\/en\/wp-json\/wp\/v2\/users\/1"}],"replies":[{"embeddable":true,"href":"https:\/\/catedra-alberto-benveniste.org\/en\/wp-json\/wp\/v2\/comments?post=9729"}],"version-history":[{"count":0,"href":"https:\/\/catedra-alberto-benveniste.org\/en\/wp-json\/wp\/v2\/posts\/9729\/revisions"}],"wp:featuredmedia":[{"embeddable":true,"href":"https:\/\/catedra-alberto-benveniste.org\/en\/wp-json\/wp\/v2\/media\/8813"}],"wp:attachment":[{"href":"https:\/\/catedra-alberto-benveniste.org\/en\/wp-json\/wp\/v2\/media?parent=9729"}],"wp:term":[{"taxonomy":"category","embeddable":true,"href":"https:\/\/catedra-alberto-benveniste.org\/en\/wp-json\/wp\/v2\/categories?post=9729"},{"taxonomy":"post_tag","embeddable":true,"href":"https:\/\/catedra-alberto-benveniste.org\/en\/wp-json\/wp\/v2\/tags?post=9729"}],"curies":[{"name":"wp","href":"https:\/\/api.w.org\/{rel}","templated":true}]}}