{"id":9722,"date":"2018-02-03T06:11:59","date_gmt":"2018-02-03T06:11:59","guid":{"rendered":"https:\/\/catedra-alberto-benveniste.org\/coloquio-novas-fronteiras-novas-culturas-o-impacto-economico-da-expansao-portuguesa-na-europa-secs-xv-xvii\/"},"modified":"2018-02-03T06:11:59","modified_gmt":"2018-02-03T06:11:59","slug":"coloquio-novas-fronteiras-novas-culturas-o-impacto-economico-da-expansao-portuguesa-na-europa-secs-xv-xvii","status":"publish","type":"post","link":"https:\/\/catedra-alberto-benveniste.org\/en\/coloquio-novas-fronteiras-novas-culturas-o-impacto-economico-da-expansao-portuguesa-na-europa-secs-xv-xvii\/","title":{"rendered":"Col\u00f3quio Novas Fronteiras | Novas Culturas &#8211; O impacto econ\u00f3mico da Expans\u00e3o Portuguesa na Europa (s\u00e9cs. XV-XVII)"},"content":{"rendered":"<p>Col\u00f3quio internacional que visa revisitar, sob uma perspectiva dominantemente econ\u00f3mica, o processo da Expans\u00e3o Portuguesa entre os s\u00e9culos XV e XVII. Conta com o apoio da CESAB.<\/p>\n<p>24-26 Novembro | Tec Labs (Faculdade de Ci\u00eancias de Lisboa) e Edif\u00edcio ID (FCSH\/UNL), Sala Multiusos 2<br \/>\nO col\u00f3quio Novas Fronteiras | Novas Culturas \u2013 O impacto econ\u00f3mico da Expans\u00e3o Portuguesa na Europa (s\u00e9cs. XIV-XVII) ir\u00e1 decorrer no Tec Labs \u2013 Centro de Inova\u00e7\u00e3o (Faculdade de Ci\u00eancias da Universidade de Lisboa) e na Faculdade de Ci\u00eancias Sociais e Humanas da Universidade NOVA de Lisboa entre os dias 24 e 26 de Novembro.<\/p>\n<p>Este \u00e9 um col\u00f3quio organizado pelo grupo de investiga\u00e7\u00e3o \u00abEconomias, Agentes e Culturas Mercantis\u00bb, integrado no CHAM \u2013 Centro de Hist\u00f3ria d\u2019Aqu\u00e9m e d\u2019Al\u00e9m-Mar \u2013 Faculdade de Ci\u00eancias Sociais e Humanas \/ Universidade NOVA de Lisboa \u2013 Universidade dos A\u00e7ores, e conta com o apoio da C\u00e1tedra de Estudos Sefarditas \u00abAlberto Benveniste\u00bb<\/p>\n<p>Saiba mais no website https:\/\/novasfronteiraswordpress.wordpress.com\/<\/p>\n<p class='attachment-link'><a href=\"https:\/\/catedra-alberto-benveniste.org\/wp-content\/uploads\/2024\/11\/Programa_1-1.pdf\" target=\"_blank\" rel=\"noopener\">Programa_(1).pdf<\/a><\/p>\n","protected":false},"excerpt":{"rendered":"<p>Col\u00f3quio internacional que visa revisitar, sob uma perspectiva dominantemente econ\u00f3mica, o processo da Expans\u00e3o Portuguesa entre os s\u00e9culos XV e XVII. Conta com o apoio da CESAB.<\/p>\n","protected":false},"author":1,"featured_media":8369,"comment_status":"open","ping_status":"open","sticky":false,"template":"","format":"standard","meta":{"footnotes":""},"categories":[49],"tags":[],"class_list":["post-9722","post","type-post","status-publish","format-standard","has-post-thumbnail","hentry","category-noticias-en"],"_links":{"self":[{"href":"https:\/\/catedra-alberto-benveniste.org\/en\/wp-json\/wp\/v2\/posts\/9722","targetHints":{"allow":["GET"]}}],"collection":[{"href":"https:\/\/catedra-alberto-benveniste.org\/en\/wp-json\/wp\/v2\/posts"}],"about":[{"href":"https:\/\/catedra-alberto-benveniste.org\/en\/wp-json\/wp\/v2\/types\/post"}],"author":[{"embeddable":true,"href":"https:\/\/catedra-alberto-benveniste.org\/en\/wp-json\/wp\/v2\/users\/1"}],"replies":[{"embeddable":true,"href":"https:\/\/catedra-alberto-benveniste.org\/en\/wp-json\/wp\/v2\/comments?post=9722"}],"version-history":[{"count":0,"href":"https:\/\/catedra-alberto-benveniste.org\/en\/wp-json\/wp\/v2\/posts\/9722\/revisions"}],"wp:featuredmedia":[{"embeddable":true,"href":"https:\/\/catedra-alberto-benveniste.org\/en\/wp-json\/wp\/v2\/media\/8369"}],"wp:attachment":[{"href":"https:\/\/catedra-alberto-benveniste.org\/en\/wp-json\/wp\/v2\/media?parent=9722"}],"wp:term":[{"taxonomy":"category","embeddable":true,"href":"https:\/\/catedra-alberto-benveniste.org\/en\/wp-json\/wp\/v2\/categories?post=9722"},{"taxonomy":"post_tag","embeddable":true,"href":"https:\/\/catedra-alberto-benveniste.org\/en\/wp-json\/wp\/v2\/tags?post=9722"}],"curies":[{"name":"wp","href":"https:\/\/api.w.org\/{rel}","templated":true}]}}