{"id":9719,"date":"2018-03-04T15:55:59","date_gmt":"2018-03-04T15:55:59","guid":{"rendered":"https:\/\/catedra-alberto-benveniste.org\/com-o-fio-do-horizonte-no-olhar-leituras-da-diaspora-sefardita\/"},"modified":"2018-03-04T15:55:59","modified_gmt":"2018-03-04T15:55:59","slug":"com-o-fio-do-horizonte-no-olhar-leituras-da-diaspora-sefardita","status":"publish","type":"post","link":"https:\/\/catedra-alberto-benveniste.org\/en\/com-o-fio-do-horizonte-no-olhar-leituras-da-diaspora-sefardita\/","title":{"rendered":"Com o fio do horizonte no olhar: leituras da Di\u00e1spora Sefardita"},"content":{"rendered":"<p>Sess\u00e3o que assinala a inaugura\u00e7\u00e3o das novas instala\u00e7\u00f5es da C\u00e1tedra de Estudos Sefarditas \u00abAlberto Benveniste\u00bb<\/p>\n<p>19 Janeiro, 15.00 | Sala D. Pedro V (Faculdade de Letras)<br \/>\nSegue-se um porto de honra e a visita \u00e0 nova sala da CESAB<\/p>\n<p class='attachment-link'><a href=\"https:\/\/catedra-alberto-benveniste.org\/wp-content\/uploads\/2024\/11\/Cartaz.pdf\" target=\"_blank\" rel=\"noopener\">Cartaz.pdf<\/a><\/p>\n","protected":false},"excerpt":{"rendered":"<p>Sess\u00e3o que assinala a inaugura\u00e7\u00e3o das novas instala\u00e7\u00f5es da C\u00e1tedra de Estudos Sefarditas \u00abAlberto Benveniste\u00bb<\/p>\n","protected":false},"author":1,"featured_media":8370,"comment_status":"open","ping_status":"open","sticky":false,"template":"","format":"standard","meta":{"footnotes":""},"categories":[49],"tags":[],"class_list":["post-9719","post","type-post","status-publish","format-standard","has-post-thumbnail","hentry","category-noticias-en"],"_links":{"self":[{"href":"https:\/\/catedra-alberto-benveniste.org\/en\/wp-json\/wp\/v2\/posts\/9719","targetHints":{"allow":["GET"]}}],"collection":[{"href":"https:\/\/catedra-alberto-benveniste.org\/en\/wp-json\/wp\/v2\/posts"}],"about":[{"href":"https:\/\/catedra-alberto-benveniste.org\/en\/wp-json\/wp\/v2\/types\/post"}],"author":[{"embeddable":true,"href":"https:\/\/catedra-alberto-benveniste.org\/en\/wp-json\/wp\/v2\/users\/1"}],"replies":[{"embeddable":true,"href":"https:\/\/catedra-alberto-benveniste.org\/en\/wp-json\/wp\/v2\/comments?post=9719"}],"version-history":[{"count":0,"href":"https:\/\/catedra-alberto-benveniste.org\/en\/wp-json\/wp\/v2\/posts\/9719\/revisions"}],"wp:featuredmedia":[{"embeddable":true,"href":"https:\/\/catedra-alberto-benveniste.org\/en\/wp-json\/wp\/v2\/media\/8370"}],"wp:attachment":[{"href":"https:\/\/catedra-alberto-benveniste.org\/en\/wp-json\/wp\/v2\/media?parent=9719"}],"wp:term":[{"taxonomy":"category","embeddable":true,"href":"https:\/\/catedra-alberto-benveniste.org\/en\/wp-json\/wp\/v2\/categories?post=9719"},{"taxonomy":"post_tag","embeddable":true,"href":"https:\/\/catedra-alberto-benveniste.org\/en\/wp-json\/wp\/v2\/tags?post=9719"}],"curies":[{"name":"wp","href":"https:\/\/api.w.org\/{rel}","templated":true}]}}