{"id":9716,"date":"2018-04-03T01:39:59","date_gmt":"2018-04-03T01:39:59","guid":{"rendered":"https:\/\/catedra-alberto-benveniste.org\/sessao-evocatica-do-dia-internacional-da-memoria-do-holocausto\/"},"modified":"2018-04-03T01:39:59","modified_gmt":"2018-04-03T01:39:59","slug":"sessao-evocatica-do-dia-internacional-da-memoria-do-holocausto","status":"publish","type":"post","link":"https:\/\/catedra-alberto-benveniste.org\/en\/sessao-evocatica-do-dia-internacional-da-memoria-do-holocausto\/","title":{"rendered":"Sess\u00e3o evocatica do Dia Internacional da Mem\u00f3ria do Holocausto"},"content":{"rendered":"<p>Exibi\u00e7\u00e3o do filme &#8220;Primo&#8221; de Richard Wilson, com a apresenta\u00e7\u00e3o de Elena Piatok e Clelia Bettini.<\/p>\n<p>27 Janeiro, 10.00 | Sala 5.2, Faculdade de Letras da Universidade de Lisboa<br \/>\nSinopse do filme:<\/p>\n<p>As atrocidades do Terceiro Reich s\u00e3o testemunhadas atrav\u00e9s das mem\u00f3rias pessoais de um sobrevivente de Auschwitz. Em Primo, o c\u00e9lebre livro Se Isto \u00e9 Um Homem (1947) de Primo Levi \u00e9 adaptado pelo aclamado actor e dramaturgo Antony Sher, o qual tamb\u00e9m protagoniza este mon\u00f3logo tenso e na primeira pessoa que narra a hist\u00f3ria inquietante da pris\u00e3o de Primo e da sua perman\u00eancia no famigerado campo de concentra\u00e7\u00e3o Nazi.<\/p>\n<p>Primo (EUA, 2005). Realiza\u00e7\u00e3o: Richard Wilson. Argumento: Antony Sher. Cinematografia: Ian Wilson. M\u00fasica original: Jonathan Goldstein. Montagem: Humphrey Dixon. Interpreta\u00e7\u00e3o: Antony Sher. Produ\u00e7\u00e3o: Ann Wingate, Frank Doelger, Richard Fell e Tracey Scoffield. Distribui\u00e7\u00e3o: HBO. Ingl\u00eas, 95 minutos.<\/p>\n<p class='attachment-link'><a href=\"https:\/\/catedra-alberto-benveniste.org\/wp-content\/uploads\/2024\/11\/Cartaz_Primo-pagina001-scaled.jpg\" target=\"_blank\" rel=\"noopener\">Cartaz_Primo-pagina001.jpg<\/a><\/p>\n","protected":false},"excerpt":{"rendered":"<p>Exibi\u00e7\u00e3o do filme &#8220;Primo&#8221; de Richard Wilson, com a apresenta\u00e7\u00e3o de Elena Piatok e Clelia Bettini.<\/p>\n","protected":false},"author":1,"featured_media":8372,"comment_status":"open","ping_status":"open","sticky":false,"template":"","format":"standard","meta":{"footnotes":""},"categories":[49],"tags":[],"class_list":["post-9716","post","type-post","status-publish","format-standard","has-post-thumbnail","hentry","category-noticias-en"],"_links":{"self":[{"href":"https:\/\/catedra-alberto-benveniste.org\/en\/wp-json\/wp\/v2\/posts\/9716","targetHints":{"allow":["GET"]}}],"collection":[{"href":"https:\/\/catedra-alberto-benveniste.org\/en\/wp-json\/wp\/v2\/posts"}],"about":[{"href":"https:\/\/catedra-alberto-benveniste.org\/en\/wp-json\/wp\/v2\/types\/post"}],"author":[{"embeddable":true,"href":"https:\/\/catedra-alberto-benveniste.org\/en\/wp-json\/wp\/v2\/users\/1"}],"replies":[{"embeddable":true,"href":"https:\/\/catedra-alberto-benveniste.org\/en\/wp-json\/wp\/v2\/comments?post=9716"}],"version-history":[{"count":0,"href":"https:\/\/catedra-alberto-benveniste.org\/en\/wp-json\/wp\/v2\/posts\/9716\/revisions"}],"wp:featuredmedia":[{"embeddable":true,"href":"https:\/\/catedra-alberto-benveniste.org\/en\/wp-json\/wp\/v2\/media\/8372"}],"wp:attachment":[{"href":"https:\/\/catedra-alberto-benveniste.org\/en\/wp-json\/wp\/v2\/media?parent=9716"}],"wp:term":[{"taxonomy":"category","embeddable":true,"href":"https:\/\/catedra-alberto-benveniste.org\/en\/wp-json\/wp\/v2\/categories?post=9716"},{"taxonomy":"post_tag","embeddable":true,"href":"https:\/\/catedra-alberto-benveniste.org\/en\/wp-json\/wp\/v2\/tags?post=9716"}],"curies":[{"name":"wp","href":"https:\/\/api.w.org\/{rel}","templated":true}]}}