{"id":9705,"date":"2018-09-11T19:11:59","date_gmt":"2018-09-11T19:11:59","guid":{"rendered":"https:\/\/catedra-alberto-benveniste.org\/novo-numero-dos-cadernos-de-estudos-sefarditas\/"},"modified":"2018-09-11T19:11:59","modified_gmt":"2018-09-11T19:11:59","slug":"novo-numero-dos-cadernos-de-estudos-sefarditas","status":"publish","type":"post","link":"https:\/\/catedra-alberto-benveniste.org\/en\/novo-numero-dos-cadernos-de-estudos-sefarditas\/","title":{"rendered":"Novo n\u00famero dos Cadernos de Estudos Sefarditas"},"content":{"rendered":"<p>Acaba de sair o novo n\u00famero dos Cadernos de Estudos Sefarditas. Encomende o seu exemplar atrav\u00e9s do email cesab@letras.ulisboa.pt<\/p>\n<p>vol. 16 | 1.\u00ba semestre 2017<\/p>\n<p class='attachment-link'><a href=\"https:\/\/catedra-alberto-benveniste.org\/wp-content\/uploads\/2024\/11\/indice_1-1.pdf\" target=\"_blank\" rel=\"noopener\">indice_(1).pdf<\/a><\/p>\n","protected":false},"excerpt":{"rendered":"<p>Acaba de sair o novo n\u00famero dos Cadernos de Estudos Sefarditas. Encomende o seu exemplar atrav\u00e9s do email cesab@letras.ulisboa.pt<\/p>\n","protected":false},"author":1,"featured_media":8383,"comment_status":"open","ping_status":"open","sticky":false,"template":"","format":"standard","meta":{"footnotes":""},"categories":[49],"tags":[],"class_list":["post-9705","post","type-post","status-publish","format-standard","has-post-thumbnail","hentry","category-noticias-en"],"_links":{"self":[{"href":"https:\/\/catedra-alberto-benveniste.org\/en\/wp-json\/wp\/v2\/posts\/9705","targetHints":{"allow":["GET"]}}],"collection":[{"href":"https:\/\/catedra-alberto-benveniste.org\/en\/wp-json\/wp\/v2\/posts"}],"about":[{"href":"https:\/\/catedra-alberto-benveniste.org\/en\/wp-json\/wp\/v2\/types\/post"}],"author":[{"embeddable":true,"href":"https:\/\/catedra-alberto-benveniste.org\/en\/wp-json\/wp\/v2\/users\/1"}],"replies":[{"embeddable":true,"href":"https:\/\/catedra-alberto-benveniste.org\/en\/wp-json\/wp\/v2\/comments?post=9705"}],"version-history":[{"count":0,"href":"https:\/\/catedra-alberto-benveniste.org\/en\/wp-json\/wp\/v2\/posts\/9705\/revisions"}],"wp:featuredmedia":[{"embeddable":true,"href":"https:\/\/catedra-alberto-benveniste.org\/en\/wp-json\/wp\/v2\/media\/8383"}],"wp:attachment":[{"href":"https:\/\/catedra-alberto-benveniste.org\/en\/wp-json\/wp\/v2\/media?parent=9705"}],"wp:term":[{"taxonomy":"category","embeddable":true,"href":"https:\/\/catedra-alberto-benveniste.org\/en\/wp-json\/wp\/v2\/categories?post=9705"},{"taxonomy":"post_tag","embeddable":true,"href":"https:\/\/catedra-alberto-benveniste.org\/en\/wp-json\/wp\/v2\/tags?post=9705"}],"curies":[{"name":"wp","href":"https:\/\/api.w.org\/{rel}","templated":true}]}}