{"id":9698,"date":"2018-12-23T17:15:59","date_gmt":"2018-12-23T17:15:59","guid":{"rendered":"https:\/\/catedra-alberto-benveniste.org\/cadernos-de-estudos-sefarditas-aceita-artigos\/"},"modified":"2018-12-23T17:15:59","modified_gmt":"2018-12-23T17:15:59","slug":"cadernos-de-estudos-sefarditas-aceita-artigos","status":"publish","type":"post","link":"https:\/\/catedra-alberto-benveniste.org\/en\/cadernos-de-estudos-sefarditas-aceita-artigos\/","title":{"rendered":"Cadernos de Estudos Sefarditas aceita artigos"},"content":{"rendered":"<p>A comiss\u00e3o editorial convida ao envio de artigos originais e com validade cient\u00edfica no \u00e2mbito dos estudos sefarditas, da hist\u00f3ria dos crist\u00e3os-novos peninsulares e da di\u00e1spora judaico-portuguesa.<\/p>\n<p>Em perman\u00eancia<br \/>\nCadernos de Estudos Sefarditas \u00e9 uma revista semestral de circula\u00e7\u00e3o internacional, sujeita a arbitragem cient\u00edfica e indexada nas bases de dados internacionais Latindex e Qualis\/CAPES.<\/p>\n<p>S\u00e3o aceites textos escritos em portugu\u00eas, espanhol, ingl\u00eas,  franc\u00eas e italiano.<\/p>\n<p>Os artigos devem ter uma extens\u00e3o m\u00e1xima de 80.000 caracteres (com espa\u00e7os), incluindo notas de rodap\u00e9, e ser acompanhados por um resumo na l\u00edngua do artigo e outro em ingl\u00eas (<900 caracteres) e cinco palavras-chave.\n\nOs autores devem submeter os textos por via electr\u00f3nica, para o endere\u00e7o de email cadernos_sefarditas@letras.ulisboa.pt\n\nMais informa\u00e7\u00f5es em \nhttp:\/\/www.catedra-alberto-benveniste.org\/revista.asp\n\nO pr\u00f3ximo volume sai em Novembro de 2017\n\n\n\n\n\n<p class='attachment-link'><a href=\"https:\/\/catedra-alberto-benveniste.org\/wp-content\/uploads\/2024\/11\/Flyer_call_geral_Revista_1-1.pdf\" target=\"_blank\" rel=\"noopener\">Flyer_call_geral_Revista_(1).pdf<\/a><\/p>\n","protected":false},"excerpt":{"rendered":"<p>A comiss\u00e3o editorial convida ao envio de artigos originais e com validade cient\u00edfica no \u00e2mbito dos estudos sefarditas, da hist\u00f3ria dos crist\u00e3os-novos peninsulares e da di\u00e1spora judaico-portuguesa.<\/p>\n","protected":false},"author":1,"featured_media":8388,"comment_status":"open","ping_status":"open","sticky":false,"template":"","format":"standard","meta":{"footnotes":""},"categories":[49],"tags":[],"class_list":["post-9698","post","type-post","status-publish","format-standard","has-post-thumbnail","hentry","category-noticias-en"],"_links":{"self":[{"href":"https:\/\/catedra-alberto-benveniste.org\/en\/wp-json\/wp\/v2\/posts\/9698","targetHints":{"allow":["GET"]}}],"collection":[{"href":"https:\/\/catedra-alberto-benveniste.org\/en\/wp-json\/wp\/v2\/posts"}],"about":[{"href":"https:\/\/catedra-alberto-benveniste.org\/en\/wp-json\/wp\/v2\/types\/post"}],"author":[{"embeddable":true,"href":"https:\/\/catedra-alberto-benveniste.org\/en\/wp-json\/wp\/v2\/users\/1"}],"replies":[{"embeddable":true,"href":"https:\/\/catedra-alberto-benveniste.org\/en\/wp-json\/wp\/v2\/comments?post=9698"}],"version-history":[{"count":0,"href":"https:\/\/catedra-alberto-benveniste.org\/en\/wp-json\/wp\/v2\/posts\/9698\/revisions"}],"wp:featuredmedia":[{"embeddable":true,"href":"https:\/\/catedra-alberto-benveniste.org\/en\/wp-json\/wp\/v2\/media\/8388"}],"wp:attachment":[{"href":"https:\/\/catedra-alberto-benveniste.org\/en\/wp-json\/wp\/v2\/media?parent=9698"}],"wp:term":[{"taxonomy":"category","embeddable":true,"href":"https:\/\/catedra-alberto-benveniste.org\/en\/wp-json\/wp\/v2\/categories?post=9698"},{"taxonomy":"post_tag","embeddable":true,"href":"https:\/\/catedra-alberto-benveniste.org\/en\/wp-json\/wp\/v2\/tags?post=9698"}],"curies":[{"name":"wp","href":"https:\/\/api.w.org\/{rel}","templated":true}]}}