{"id":9689,"date":"2019-05-05T01:03:59","date_gmt":"2019-05-05T01:03:59","guid":{"rendered":"https:\/\/catedra-alberto-benveniste.org\/conferencias-na-universidade-autonoma-do-mexico\/"},"modified":"2019-05-05T01:03:59","modified_gmt":"2019-05-05T01:03:59","slug":"conferencias-na-universidade-autonoma-do-mexico","status":"publish","type":"post","link":"https:\/\/catedra-alberto-benveniste.org\/en\/conferencias-na-universidade-autonoma-do-mexico\/","title":{"rendered":"Confer\u00eancias na Universidade Aut\u00f3noma do M\u00e9xico"},"content":{"rendered":"<p>Susana Bastos Mateus, &#8220;Cristianos nuevos portugueses entre Europa y Nueva Espa\u00f1a: din\u00e1micas de migraci\u00f3n e integraci\u00f3n en los siglos XVI y XVII&#8221;. Miguel Rodrigues Louren\u00e7o, &#8220;La Inquisici\u00f3n de M\u00e9xico y el Jap\u00f3n en la primeira mitad del siglo XVII: pr\u00e1cticas y expectativas&#8221;<\/p>\n<p>Instituto de Investigaciones Hist\u00f3ricas (UNAM) | 24 e 25 Outubro, 12h00<br \/>\nEm miss\u00e3o de investiga\u00e7\u00e3o na Cidade do M\u00e9xico, os investigadores da CESAB Susana Bastos Mateus e Miguel Rodrigues Louren\u00e7o participam desta iniciativa organizada pelo Instituto de Investigaciones Hist\u00f3ricas da Universidade Nacional Aut\u00f3noma do M\u00e9xico.<\/p>\n<p class='attachment-link'><a href=\"https:\/\/catedra-alberto-benveniste.org\/wp-content\/uploads\/2024\/11\/cartel_conferencias_oct_24_y_25.pdf\" target=\"_blank\" rel=\"noopener\">cartel_conferencias_oct_24_y_25.pdf<\/a><\/p>\n","protected":false},"excerpt":{"rendered":"<p>Susana Bastos Mateus, &#8220;Cristianos nuevos portugueses entre Europa y Nueva Espa\u00f1a: din\u00e1micas de migraci\u00f3n e integraci\u00f3n en los siglos XVI y XVII&#8221;. Miguel Rodrigues Louren\u00e7o, &#8220;La Inquisici\u00f3n de M\u00e9xico y el Jap\u00f3n en la primeira mitad del siglo XVII: pr\u00e1cticas y expectativas&#8221;<\/p>\n","protected":false},"author":1,"featured_media":8396,"comment_status":"open","ping_status":"open","sticky":false,"template":"","format":"standard","meta":{"footnotes":""},"categories":[49],"tags":[],"class_list":["post-9689","post","type-post","status-publish","format-standard","has-post-thumbnail","hentry","category-noticias-en"],"_links":{"self":[{"href":"https:\/\/catedra-alberto-benveniste.org\/en\/wp-json\/wp\/v2\/posts\/9689","targetHints":{"allow":["GET"]}}],"collection":[{"href":"https:\/\/catedra-alberto-benveniste.org\/en\/wp-json\/wp\/v2\/posts"}],"about":[{"href":"https:\/\/catedra-alberto-benveniste.org\/en\/wp-json\/wp\/v2\/types\/post"}],"author":[{"embeddable":true,"href":"https:\/\/catedra-alberto-benveniste.org\/en\/wp-json\/wp\/v2\/users\/1"}],"replies":[{"embeddable":true,"href":"https:\/\/catedra-alberto-benveniste.org\/en\/wp-json\/wp\/v2\/comments?post=9689"}],"version-history":[{"count":0,"href":"https:\/\/catedra-alberto-benveniste.org\/en\/wp-json\/wp\/v2\/posts\/9689\/revisions"}],"wp:featuredmedia":[{"embeddable":true,"href":"https:\/\/catedra-alberto-benveniste.org\/en\/wp-json\/wp\/v2\/media\/8396"}],"wp:attachment":[{"href":"https:\/\/catedra-alberto-benveniste.org\/en\/wp-json\/wp\/v2\/media?parent=9689"}],"wp:term":[{"taxonomy":"category","embeddable":true,"href":"https:\/\/catedra-alberto-benveniste.org\/en\/wp-json\/wp\/v2\/categories?post=9689"},{"taxonomy":"post_tag","embeddable":true,"href":"https:\/\/catedra-alberto-benveniste.org\/en\/wp-json\/wp\/v2\/tags?post=9689"}],"curies":[{"name":"wp","href":"https:\/\/api.w.org\/{rel}","templated":true}]}}