{"id":9686,"date":"2019-06-18T03:39:59","date_gmt":"2019-06-18T03:39:59","guid":{"rendered":"https:\/\/catedra-alberto-benveniste.org\/coloquio-internacional-de-estudos-inquisitoriais-intolerancia-religiao-poder-e-justica\/"},"modified":"2019-06-18T03:39:59","modified_gmt":"2019-06-18T03:39:59","slug":"coloquio-internacional-de-estudos-inquisitoriais-intolerancia-religiao-poder-e-justica","status":"publish","type":"post","link":"https:\/\/catedra-alberto-benveniste.org\/en\/coloquio-internacional-de-estudos-inquisitoriais-intolerancia-religiao-poder-e-justica\/","title":{"rendered":"Col\u00f3quio Internacional de Estudos Inquisitoriais: (in)toler\u00e2ncia, religi\u00e3o, poder e justi\u00e7a)"},"content":{"rendered":"<p>Col\u00f3quio organizado pela Universidade Federal do Rec\u00f4ncavo da Bahia e Universidade do Estado da Bahia<\/p>\n<p>Antiga Faculdade de Medicina, UFBA, Bahia | 8-9 Novembro<br \/>\nO objetivo principal deste evento \u00e9 reunir pesquisadores e estudiosos que elegeram a Inquisi\u00e7\u00e3o e todas suas dimens\u00f5es como foco de suas pesquisas, ou que, longe de perscrutar sua atua\u00e7\u00e3o e funcionamento, tomaram sua documenta\u00e7\u00e3o como fonte de pesquisa para outros campos do saber sobre as sociedades moderna e contempor\u00e2nea, al\u00e9m de disseminar entre os profissionais que atuam na \u00e1rea da Hist\u00f3ria, especialmente professores do ensino m\u00e9dio e discentes, o desenvolvimento de estudos espec\u00edficos ou transversais ao tema discutido.<\/p>\n<p>Consulte o programa em: https:\/\/coloquiobahia2017.wixsite.com\/ciei2017\/programacao<\/p>\n","protected":false},"excerpt":{"rendered":"<p>Col\u00f3quio organizado pela Universidade Federal do Rec\u00f4ncavo da Bahia e Universidade do Estado da Bahia<\/p>\n","protected":false},"author":1,"featured_media":8399,"comment_status":"open","ping_status":"open","sticky":false,"template":"","format":"standard","meta":{"footnotes":""},"categories":[49],"tags":[],"class_list":["post-9686","post","type-post","status-publish","format-standard","has-post-thumbnail","hentry","category-noticias-en"],"_links":{"self":[{"href":"https:\/\/catedra-alberto-benveniste.org\/en\/wp-json\/wp\/v2\/posts\/9686","targetHints":{"allow":["GET"]}}],"collection":[{"href":"https:\/\/catedra-alberto-benveniste.org\/en\/wp-json\/wp\/v2\/posts"}],"about":[{"href":"https:\/\/catedra-alberto-benveniste.org\/en\/wp-json\/wp\/v2\/types\/post"}],"author":[{"embeddable":true,"href":"https:\/\/catedra-alberto-benveniste.org\/en\/wp-json\/wp\/v2\/users\/1"}],"replies":[{"embeddable":true,"href":"https:\/\/catedra-alberto-benveniste.org\/en\/wp-json\/wp\/v2\/comments?post=9686"}],"version-history":[{"count":0,"href":"https:\/\/catedra-alberto-benveniste.org\/en\/wp-json\/wp\/v2\/posts\/9686\/revisions"}],"wp:featuredmedia":[{"embeddable":true,"href":"https:\/\/catedra-alberto-benveniste.org\/en\/wp-json\/wp\/v2\/media\/8399"}],"wp:attachment":[{"href":"https:\/\/catedra-alberto-benveniste.org\/en\/wp-json\/wp\/v2\/media?parent=9686"}],"wp:term":[{"taxonomy":"category","embeddable":true,"href":"https:\/\/catedra-alberto-benveniste.org\/en\/wp-json\/wp\/v2\/categories?post=9686"},{"taxonomy":"post_tag","embeddable":true,"href":"https:\/\/catedra-alberto-benveniste.org\/en\/wp-json\/wp\/v2\/tags?post=9686"}],"curies":[{"name":"wp","href":"https:\/\/api.w.org\/{rel}","templated":true}]}}