{"id":9677,"date":"2019-10-13T18:35:59","date_gmt":"2019-10-13T18:35:59","guid":{"rendered":"https:\/\/catedra-alberto-benveniste.org\/assinatura-do-protocolo-de-doacao-da-biblioteca-de-a-a-marques-de-almeida-a-flul\/"},"modified":"2019-10-13T18:35:59","modified_gmt":"2019-10-13T18:35:59","slug":"assinatura-do-protocolo-de-doacao-da-biblioteca-de-a-a-marques-de-almeida-a-flul","status":"publish","type":"post","link":"https:\/\/catedra-alberto-benveniste.org\/en\/assinatura-do-protocolo-de-doacao-da-biblioteca-de-a-a-marques-de-almeida-a-flul\/","title":{"rendered":"Assinatura do protocolo de doa\u00e7\u00e3o da biblioteca de A. A. Marques de Almeida \u00e0 FLUL"},"content":{"rendered":"<p>A doa\u00e7\u00e3o da biblioteca pessoal do Professor Doutor Ant\u00f3nio Augusto Marques de Almeida, por parte da fam\u00edlia, \u00e0 Faculdade de Letras da Universidade de Lisboa ser\u00e1 oficializada nesta sess\u00e3o.<\/p>\n<p>18 Dezembro, 18h00 | \u00c1trio da Biblioteca da Faculdade de Letras da Universidade de Lisboa<\/p>\n","protected":false},"excerpt":{"rendered":"<p>A doa\u00e7\u00e3o da biblioteca pessoal do Professor Doutor Ant\u00f3nio Augusto Marques de Almeida, por parte da fam\u00edlia, \u00e0 Faculdade de Letras da Universidade de Lisboa ser\u00e1 oficializada nesta sess\u00e3o.<\/p>\n","protected":false},"author":1,"featured_media":8405,"comment_status":"open","ping_status":"open","sticky":false,"template":"","format":"standard","meta":{"footnotes":""},"categories":[49],"tags":[],"class_list":["post-9677","post","type-post","status-publish","format-standard","has-post-thumbnail","hentry","category-noticias-en"],"_links":{"self":[{"href":"https:\/\/catedra-alberto-benveniste.org\/en\/wp-json\/wp\/v2\/posts\/9677","targetHints":{"allow":["GET"]}}],"collection":[{"href":"https:\/\/catedra-alberto-benveniste.org\/en\/wp-json\/wp\/v2\/posts"}],"about":[{"href":"https:\/\/catedra-alberto-benveniste.org\/en\/wp-json\/wp\/v2\/types\/post"}],"author":[{"embeddable":true,"href":"https:\/\/catedra-alberto-benveniste.org\/en\/wp-json\/wp\/v2\/users\/1"}],"replies":[{"embeddable":true,"href":"https:\/\/catedra-alberto-benveniste.org\/en\/wp-json\/wp\/v2\/comments?post=9677"}],"version-history":[{"count":0,"href":"https:\/\/catedra-alberto-benveniste.org\/en\/wp-json\/wp\/v2\/posts\/9677\/revisions"}],"wp:featuredmedia":[{"embeddable":true,"href":"https:\/\/catedra-alberto-benveniste.org\/en\/wp-json\/wp\/v2\/media\/8405"}],"wp:attachment":[{"href":"https:\/\/catedra-alberto-benveniste.org\/en\/wp-json\/wp\/v2\/media?parent=9677"}],"wp:term":[{"taxonomy":"category","embeddable":true,"href":"https:\/\/catedra-alberto-benveniste.org\/en\/wp-json\/wp\/v2\/categories?post=9677"},{"taxonomy":"post_tag","embeddable":true,"href":"https:\/\/catedra-alberto-benveniste.org\/en\/wp-json\/wp\/v2\/tags?post=9677"}],"curies":[{"name":"wp","href":"https:\/\/api.w.org\/{rel}","templated":true}]}}