{"id":9671,"date":"2019-12-26T06:55:59","date_gmt":"2019-12-26T06:55:59","guid":{"rendered":"https:\/\/catedra-alberto-benveniste.org\/seminario-nociones-basicas-sobre-la-presencia-portuguesa-en-los-confines-del-imperio-espanol-virreinatos-del-peru-y-del-rio-de-la-plata-siglos-xvi-xviii\/"},"modified":"2019-12-26T06:55:59","modified_gmt":"2019-12-26T06:55:59","slug":"seminario-nociones-basicas-sobre-la-presencia-portuguesa-en-los-confines-del-imperio-espanol-virreinatos-del-peru-y-del-rio-de-la-plata-siglos-xvi-xviii","status":"publish","type":"post","link":"https:\/\/catedra-alberto-benveniste.org\/en\/seminario-nociones-basicas-sobre-la-presencia-portuguesa-en-los-confines-del-imperio-espanol-virreinatos-del-peru-y-del-rio-de-la-plata-siglos-xvi-xviii\/","title":{"rendered":"Semin\u00e1rio &#8220;Nociones b\u00e1sicas sobre la presencia portuguesa en los confines del imperio espa\u00f1ol: Virreinatos del Per\u00fa y del R\u00edo  de la Plata, siglos XVI-XVIII&#8221;"},"content":{"rendered":"<p>Semin\u00e1rio proferido por Jaqueline Vassallo (Universidad Nacional de C\u00f3rdoba &#8211; CONICET)<\/p>\n<p>26-27 Fevereiro, 16h00-20h00 | Faculdade de Letras da Universidade de Lisboa, Sala 5.2<br \/>\nM\u00f3dulo 1 (26 Fevereiro): La presencia portuguesa en el Virreinato de Lima y en el del R\u00edo de la Plata<\/p>\n<p>M\u00f3dulo 2 (27 de Fevereiro): Los portugueses en el siglo XVIII en las gobernaciones del Tucum\u00e1n, el R\u00edo de la Plata y en el Virreinato del R\u00edo de la Plata. \u00bfExtranjeros? \u00bfHerejes?<\/p>\n<p class='attachment-link'><a href=\"https:\/\/catedra-alberto-benveniste.org\/wp-content\/uploads\/2024\/11\/Flyer.pdf\" target=\"_blank\" rel=\"noopener\">Flyer.pdf<\/a><\/p>\n","protected":false},"excerpt":{"rendered":"<p>Semin\u00e1rio proferido por Jaqueline Vassallo (Universidad Nacional de C\u00f3rdoba &#8211; CONICET)<\/p>\n","protected":false},"author":1,"featured_media":8848,"comment_status":"open","ping_status":"open","sticky":false,"template":"","format":"standard","meta":{"footnotes":""},"categories":[49],"tags":[],"class_list":["post-9671","post","type-post","status-publish","format-standard","has-post-thumbnail","hentry","category-noticias-en"],"_links":{"self":[{"href":"https:\/\/catedra-alberto-benveniste.org\/en\/wp-json\/wp\/v2\/posts\/9671","targetHints":{"allow":["GET"]}}],"collection":[{"href":"https:\/\/catedra-alberto-benveniste.org\/en\/wp-json\/wp\/v2\/posts"}],"about":[{"href":"https:\/\/catedra-alberto-benveniste.org\/en\/wp-json\/wp\/v2\/types\/post"}],"author":[{"embeddable":true,"href":"https:\/\/catedra-alberto-benveniste.org\/en\/wp-json\/wp\/v2\/users\/1"}],"replies":[{"embeddable":true,"href":"https:\/\/catedra-alberto-benveniste.org\/en\/wp-json\/wp\/v2\/comments?post=9671"}],"version-history":[{"count":0,"href":"https:\/\/catedra-alberto-benveniste.org\/en\/wp-json\/wp\/v2\/posts\/9671\/revisions"}],"wp:featuredmedia":[{"embeddable":true,"href":"https:\/\/catedra-alberto-benveniste.org\/en\/wp-json\/wp\/v2\/media\/8848"}],"wp:attachment":[{"href":"https:\/\/catedra-alberto-benveniste.org\/en\/wp-json\/wp\/v2\/media?parent=9671"}],"wp:term":[{"taxonomy":"category","embeddable":true,"href":"https:\/\/catedra-alberto-benveniste.org\/en\/wp-json\/wp\/v2\/categories?post=9671"},{"taxonomy":"post_tag","embeddable":true,"href":"https:\/\/catedra-alberto-benveniste.org\/en\/wp-json\/wp\/v2\/tags?post=9671"}],"curies":[{"name":"wp","href":"https:\/\/api.w.org\/{rel}","templated":true}]}}