{"id":9663,"date":"2020-04-21T21:51:59","date_gmt":"2020-04-21T21:51:59","guid":{"rendered":"https:\/\/catedra-alberto-benveniste.org\/coloquio-universos-femininos-da-diaspora-sefardita-seculos-xvi-xviii\/"},"modified":"2020-04-21T21:51:59","modified_gmt":"2020-04-21T21:51:59","slug":"coloquio-universos-femininos-da-diaspora-sefardita-seculos-xvi-xviii","status":"publish","type":"post","link":"https:\/\/catedra-alberto-benveniste.org\/en\/coloquio-universos-femininos-da-diaspora-sefardita-seculos-xvi-xviii\/","title":{"rendered":"Col\u00f3quio Universos Femininos da Di\u00e1spora Sefardita (s\u00e9culos XVI-XVIII)"},"content":{"rendered":"<p>A equipa da C\u00e1tedra participa deste col\u00f3quio organizado pela Santa Casa da Miseric\u00f3rdia de Braga.<\/p>\n<p>7 Setembro, 9h30 &#8211; Pal\u00e1cio do Raio, Braga<br \/>\nPROGRAMA<\/p>\n<p>9h30 &#8211; Rece\u00e7\u00e3o aos participantes<\/p>\n<p>10h00 &#8211; Sess\u00e3o de abertura<\/p>\n<p>10h30 &#8211; Maria de F\u00e1tima Reis<br \/>\nDe e para Braga: Duas Mulheres sob o Olhar da Inquisi\u00e7\u00e3o<\/p>\n<p>11h15 &#8211; Pausa para caf\u00e9<\/p>\n<p>11h30 &#8211; Susana Bastos Mateus<br \/>\nQuotidianos femininos nos pap\u00e9is da Inquisi\u00e7\u00e3o: os bens das crist\u00e3s-novas portuguesas da Cidade do M\u00e9xico (s\u00e9culo XVI)<\/p>\n<p>12h15 &#8211; Debate<\/p>\n<p>12h45 &#8211; Almo\u00e7o livre<\/p>\n<p>14h30 &#8211; Miguel Rodrigues Louren\u00e7o<br \/>\nDe Castelo de Vide ao Mandovi, Catarina de Orta entre duas inquisi\u00e7\u00f5es<\/p>\n<p>15h15 &#8211; Carla Vieira<br \/>\nEscola de Inocentes Raparigas, Isaac da Costa Vila Real e o seu projeto para o ensino das \u00f3rf\u00e3s da Na\u00e7\u00e3o (Londres,1730)<\/p>\n<p>16h00 &#8211; Debate<\/p>\n<p>16h30 &#8211; Apresenta\u00e7\u00e3o do livro As sete obras de miseric\u00f3rdia corporais nas Santas Casas de Miseric\u00f3rdia (s\u00e9culos XVI \/ XVIII), coordenado por Marta Lobo de Ara\u00fajo.<br \/>\nA obra ser\u00e1 apresentada por Domingo Gonzalez Lopo (Universidade de Santiago de Compostela)<\/p>\n<p class='attachment-link'><a href=\"https:\/\/catedra-alberto-benveniste.org\/wp-content\/uploads\/2024\/11\/programa_5-1.pdf\" target=\"_blank\" rel=\"noopener\">programa_(5).pdf<\/a><\/p>\n","protected":false},"excerpt":{"rendered":"<p>A equipa da C\u00e1tedra participa deste col\u00f3quio organizado pela Santa Casa da Miseric\u00f3rdia de Braga.<\/p>\n","protected":false},"author":1,"featured_media":8854,"comment_status":"open","ping_status":"open","sticky":false,"template":"","format":"standard","meta":{"footnotes":""},"categories":[49],"tags":[],"class_list":["post-9663","post","type-post","status-publish","format-standard","has-post-thumbnail","hentry","category-noticias-en"],"_links":{"self":[{"href":"https:\/\/catedra-alberto-benveniste.org\/en\/wp-json\/wp\/v2\/posts\/9663","targetHints":{"allow":["GET"]}}],"collection":[{"href":"https:\/\/catedra-alberto-benveniste.org\/en\/wp-json\/wp\/v2\/posts"}],"about":[{"href":"https:\/\/catedra-alberto-benveniste.org\/en\/wp-json\/wp\/v2\/types\/post"}],"author":[{"embeddable":true,"href":"https:\/\/catedra-alberto-benveniste.org\/en\/wp-json\/wp\/v2\/users\/1"}],"replies":[{"embeddable":true,"href":"https:\/\/catedra-alberto-benveniste.org\/en\/wp-json\/wp\/v2\/comments?post=9663"}],"version-history":[{"count":0,"href":"https:\/\/catedra-alberto-benveniste.org\/en\/wp-json\/wp\/v2\/posts\/9663\/revisions"}],"wp:featuredmedia":[{"embeddable":true,"href":"https:\/\/catedra-alberto-benveniste.org\/en\/wp-json\/wp\/v2\/media\/8854"}],"wp:attachment":[{"href":"https:\/\/catedra-alberto-benveniste.org\/en\/wp-json\/wp\/v2\/media?parent=9663"}],"wp:term":[{"taxonomy":"category","embeddable":true,"href":"https:\/\/catedra-alberto-benveniste.org\/en\/wp-json\/wp\/v2\/categories?post=9663"},{"taxonomy":"post_tag","embeddable":true,"href":"https:\/\/catedra-alberto-benveniste.org\/en\/wp-json\/wp\/v2\/tags?post=9663"}],"curies":[{"name":"wp","href":"https:\/\/api.w.org\/{rel}","templated":true}]}}