{"id":9659,"date":"2020-06-19T17:19:59","date_gmt":"2020-06-19T17:19:59","guid":{"rendered":"https:\/\/catedra-alberto-benveniste.org\/ser-um-homem-da-nacao-hebrea-em-portugal-e-na-diaspora-sefardita-uma-identidade-proteica-seculos-xvi-xviii-por-claude-stuczynski\/"},"modified":"2020-06-19T17:19:59","modified_gmt":"2020-06-19T17:19:59","slug":"ser-um-homem-da-nacao-hebrea-em-portugal-e-na-diaspora-sefardita-uma-identidade-proteica-seculos-xvi-xviii-por-claude-stuczynski","status":"publish","type":"post","link":"https:\/\/catedra-alberto-benveniste.org\/en\/ser-um-homem-da-nacao-hebrea-em-portugal-e-na-diaspora-sefardita-uma-identidade-proteica-seculos-xvi-xviii-por-claude-stuczynski\/","title":{"rendered":"&#8220;Ser um &#8220;homem da na\u00e7\u00e3o hebrea&#8221; em Portugal e na Di\u00e1spora Sefardita: uma identidade proteica (s\u00e9culos XVI-XVIII)&#8221; por Claude Stuczynski"},"content":{"rendered":"<p>Iniciativa integrada no Ciclo de Confer\u00eancias &#8220;Da l\u00edngua e da cultura na di\u00e1spora sefardita portuguesa&#8221;, organizado pelo CEIS20 (Universidade de Coimbra) e com a parceria da C\u00e1tedra de Estudos Sefarditas Alberto Benveniste.<\/p>\n<p>21 Novembro, 15h00 | Sala D. Jo\u00e3o III (Arquivo da Universidade de Coimbra)<\/p>\n<p class='attachment-link'><a href=\"https:\/\/catedra-alberto-benveniste.org\/wp-content\/uploads\/2024\/11\/Confere_ncia_21nov18_A2_poster-2.pdf\" target=\"_blank\" rel=\"noopener\">Confere_ncia_21nov18_A2_poster-2.pdf<\/a><\/p>\n","protected":false},"excerpt":{"rendered":"<p>Iniciativa integrada no Ciclo de Confer\u00eancias &#8220;Da l\u00edngua e da cultura na di\u00e1spora sefardita portuguesa&#8221;, organizado pelo CEIS20 (Universidade de Coimbra) e com a parceria da C\u00e1tedra de Estudos Sefarditas Alberto Benveniste.<\/p>\n","protected":false},"author":1,"featured_media":8421,"comment_status":"open","ping_status":"open","sticky":false,"template":"","format":"standard","meta":{"footnotes":""},"categories":[49],"tags":[],"class_list":["post-9659","post","type-post","status-publish","format-standard","has-post-thumbnail","hentry","category-noticias-en"],"_links":{"self":[{"href":"https:\/\/catedra-alberto-benveniste.org\/en\/wp-json\/wp\/v2\/posts\/9659","targetHints":{"allow":["GET"]}}],"collection":[{"href":"https:\/\/catedra-alberto-benveniste.org\/en\/wp-json\/wp\/v2\/posts"}],"about":[{"href":"https:\/\/catedra-alberto-benveniste.org\/en\/wp-json\/wp\/v2\/types\/post"}],"author":[{"embeddable":true,"href":"https:\/\/catedra-alberto-benveniste.org\/en\/wp-json\/wp\/v2\/users\/1"}],"replies":[{"embeddable":true,"href":"https:\/\/catedra-alberto-benveniste.org\/en\/wp-json\/wp\/v2\/comments?post=9659"}],"version-history":[{"count":0,"href":"https:\/\/catedra-alberto-benveniste.org\/en\/wp-json\/wp\/v2\/posts\/9659\/revisions"}],"wp:featuredmedia":[{"embeddable":true,"href":"https:\/\/catedra-alberto-benveniste.org\/en\/wp-json\/wp\/v2\/media\/8421"}],"wp:attachment":[{"href":"https:\/\/catedra-alberto-benveniste.org\/en\/wp-json\/wp\/v2\/media?parent=9659"}],"wp:term":[{"taxonomy":"category","embeddable":true,"href":"https:\/\/catedra-alberto-benveniste.org\/en\/wp-json\/wp\/v2\/categories?post=9659"},{"taxonomy":"post_tag","embeddable":true,"href":"https:\/\/catedra-alberto-benveniste.org\/en\/wp-json\/wp\/v2\/tags?post=9659"}],"curies":[{"name":"wp","href":"https:\/\/api.w.org\/{rel}","templated":true}]}}