{"id":9653,"date":"2020-09-01T05:39:59","date_gmt":"2020-09-01T05:39:59","guid":{"rendered":"https:\/\/catedra-alberto-benveniste.org\/coleccao-usque-2-o-processo-de-catarina-de-orta-na-inquisicao-de-goa-1568-1569\/"},"modified":"2020-09-01T05:39:59","modified_gmt":"2020-09-01T05:39:59","slug":"coleccao-usque-2-o-processo-de-catarina-de-orta-na-inquisicao-de-goa-1568-1569","status":"publish","type":"post","link":"https:\/\/catedra-alberto-benveniste.org\/en\/coleccao-usque-2-o-processo-de-catarina-de-orta-na-inquisicao-de-goa-1568-1569\/","title":{"rendered":"Colec\u00e7\u00e3o Usque 2: O processo de Catarina de Orta na Inquisi\u00e7\u00e3o de Goa (1568-1569)"},"content":{"rendered":"<p>Transcri\u00e7\u00e3o de Miguel Rodrigues Louren\u00e7o.<br \/>\nIntrodu\u00e7\u00e3o e notas de Miguel Rodrigues Louren\u00e7o, Susana Bastos Mateus e Carla Vieira.<\/p>\n<p>1.\u00ba volume da S\u00e9rie Goana. J\u00e1 \u00e0 venda!<br \/>\nO processo de Catarina de Orta \u00e9 o mais antigo que se conserva contra uma crist\u00e3-nova julgado no tribunal da Inquisi\u00e7\u00e3o de Goa. Assinalando-se os 450 anos do encarceramento da irm\u00e3 de Garcia de Orta, publica-se, pela primeira vez, a vers\u00e3o integral do processo em edi\u00e7\u00e3o<br \/>\ncomentada.<br \/>\nEste \u00e9 o primeiro n\u00famero da S\u00e9rie Goana da Colec\u00e7\u00e3o Usque, dedicada \u00e0 edi\u00e7\u00e3o cr\u00edtica de documentos relativos \u00e0 Di\u00e1spora de judeus e crist\u00e3os-novos portugueses no Estado da \u00cdndia.<\/p>\n<p>PVP: 15\u20ac<br \/>\nEncomende o seu exemplar atrav\u00e9s do email cesab@letras.ulisboa.pt<\/p>\n","protected":false},"excerpt":{"rendered":"<p>Transcri\u00e7\u00e3o de Miguel Rodrigues Louren\u00e7o.<br \/>\nIntrodu\u00e7\u00e3o e notas de Miguel Rodrigues Louren\u00e7o, Susana Bastos Mateus e Carla Vieira.<\/p>\n","protected":false},"author":1,"featured_media":8426,"comment_status":"open","ping_status":"open","sticky":false,"template":"","format":"standard","meta":{"footnotes":""},"categories":[49],"tags":[],"class_list":["post-9653","post","type-post","status-publish","format-standard","has-post-thumbnail","hentry","category-noticias-en"],"_links":{"self":[{"href":"https:\/\/catedra-alberto-benveniste.org\/en\/wp-json\/wp\/v2\/posts\/9653","targetHints":{"allow":["GET"]}}],"collection":[{"href":"https:\/\/catedra-alberto-benveniste.org\/en\/wp-json\/wp\/v2\/posts"}],"about":[{"href":"https:\/\/catedra-alberto-benveniste.org\/en\/wp-json\/wp\/v2\/types\/post"}],"author":[{"embeddable":true,"href":"https:\/\/catedra-alberto-benveniste.org\/en\/wp-json\/wp\/v2\/users\/1"}],"replies":[{"embeddable":true,"href":"https:\/\/catedra-alberto-benveniste.org\/en\/wp-json\/wp\/v2\/comments?post=9653"}],"version-history":[{"count":0,"href":"https:\/\/catedra-alberto-benveniste.org\/en\/wp-json\/wp\/v2\/posts\/9653\/revisions"}],"wp:featuredmedia":[{"embeddable":true,"href":"https:\/\/catedra-alberto-benveniste.org\/en\/wp-json\/wp\/v2\/media\/8426"}],"wp:attachment":[{"href":"https:\/\/catedra-alberto-benveniste.org\/en\/wp-json\/wp\/v2\/media?parent=9653"}],"wp:term":[{"taxonomy":"category","embeddable":true,"href":"https:\/\/catedra-alberto-benveniste.org\/en\/wp-json\/wp\/v2\/categories?post=9653"},{"taxonomy":"post_tag","embeddable":true,"href":"https:\/\/catedra-alberto-benveniste.org\/en\/wp-json\/wp\/v2\/tags?post=9653"}],"curies":[{"name":"wp","href":"https:\/\/api.w.org\/{rel}","templated":true}]}}