{"id":9644,"date":"2021-01-11T13:27:59","date_gmt":"2021-01-11T13:27:59","guid":{"rendered":"https:\/\/catedra-alberto-benveniste.org\/novo-volume-dos-cadernos-de-estudos-sefarditas-4\/"},"modified":"2021-01-11T13:27:59","modified_gmt":"2021-01-11T13:27:59","slug":"novo-volume-dos-cadernos-de-estudos-sefarditas-4","status":"publish","type":"post","link":"https:\/\/catedra-alberto-benveniste.org\/en\/novo-volume-dos-cadernos-de-estudos-sefarditas-4\/","title":{"rendered":"Novo volume dos Cadernos de Estudos Sefarditas"},"content":{"rendered":"<p>Lan\u00e7amento no pr\u00f3ximo dia 21 de Junho, pelas 18h00, no Teatro Municipal de Bragan\u00e7a<\/p>\n<p>Volume 20 | 1.\u00ba semestre 2019<br \/>\nAcaba de ser editado o novo volume dos Cadernos de Estudos Sefarditas. Este \u00e9 um n\u00famero especial, dado que, pela primeira vez na hist\u00f3ria da revista, inclui um dossier tem\u00e1tico coordenado por um editor convidado. \u00c9 Claude B. Stuczynski quem coordena o dossier &#8220;Judeo-Christian Sephardic and Iberian Identities&#8221;. A completar o volume, temos ainda uma sec\u00e7\u00e3o de artigos livres e recens\u00f5es cr\u00edticas.<\/p>\n<p>Consulte o \u00edndice em http:\/\/cadernos.catedra-alberto-benveniste.org\/project\/n-o-20-1-o-semestre-2019\/<\/p>\n","protected":false},"excerpt":{"rendered":"<p>Lan\u00e7amento no pr\u00f3ximo dia 21 de Junho, pelas 18h00, no Teatro Municipal de Bragan\u00e7a<\/p>\n","protected":false},"author":1,"featured_media":8730,"comment_status":"open","ping_status":"open","sticky":false,"template":"","format":"standard","meta":{"footnotes":""},"categories":[49],"tags":[],"class_list":["post-9644","post","type-post","status-publish","format-standard","has-post-thumbnail","hentry","category-noticias-en"],"_links":{"self":[{"href":"https:\/\/catedra-alberto-benveniste.org\/en\/wp-json\/wp\/v2\/posts\/9644","targetHints":{"allow":["GET"]}}],"collection":[{"href":"https:\/\/catedra-alberto-benveniste.org\/en\/wp-json\/wp\/v2\/posts"}],"about":[{"href":"https:\/\/catedra-alberto-benveniste.org\/en\/wp-json\/wp\/v2\/types\/post"}],"author":[{"embeddable":true,"href":"https:\/\/catedra-alberto-benveniste.org\/en\/wp-json\/wp\/v2\/users\/1"}],"replies":[{"embeddable":true,"href":"https:\/\/catedra-alberto-benveniste.org\/en\/wp-json\/wp\/v2\/comments?post=9644"}],"version-history":[{"count":0,"href":"https:\/\/catedra-alberto-benveniste.org\/en\/wp-json\/wp\/v2\/posts\/9644\/revisions"}],"wp:featuredmedia":[{"embeddable":true,"href":"https:\/\/catedra-alberto-benveniste.org\/en\/wp-json\/wp\/v2\/media\/8730"}],"wp:attachment":[{"href":"https:\/\/catedra-alberto-benveniste.org\/en\/wp-json\/wp\/v2\/media?parent=9644"}],"wp:term":[{"taxonomy":"category","embeddable":true,"href":"https:\/\/catedra-alberto-benveniste.org\/en\/wp-json\/wp\/v2\/categories?post=9644"},{"taxonomy":"post_tag","embeddable":true,"href":"https:\/\/catedra-alberto-benveniste.org\/en\/wp-json\/wp\/v2\/tags?post=9644"}],"curies":[{"name":"wp","href":"https:\/\/api.w.org\/{rel}","templated":true}]}}