{"id":9641,"date":"2021-02-24T16:03:59","date_gmt":"2021-02-24T16:03:59","guid":{"rendered":"https:\/\/catedra-alberto-benveniste.org\/lenguaje-inquisitorial-coloquio-sobre-inquisiciones-comparadas\/"},"modified":"2021-02-24T16:03:59","modified_gmt":"2021-02-24T16:03:59","slug":"lenguaje-inquisitorial-coloquio-sobre-inquisiciones-comparadas","status":"publish","type":"post","link":"https:\/\/catedra-alberto-benveniste.org\/en\/lenguaje-inquisitorial-coloquio-sobre-inquisiciones-comparadas\/","title":{"rendered":"Lenguaje inquisitorial: Coloquio sobre Inquisiciones comparadas"},"content":{"rendered":"<p>A C\u00e1tedra de Estudos Sefarditas Alberto Benveniste, atrav\u00e9s do grupo de investiga\u00e7\u00e3o &#8220;Hist\u00f3ria das Inquisi\u00e7\u00f5es&#8221;, participa na organiza\u00e7\u00e3o deste col\u00f3quio internacional realizado na Cidade do M\u00e9xico. <\/p>\n<p>15-16 de Outubro | UNAM e El Colegio de Mexico<br \/>\nPrograma:<\/p>\n<p>15 de Outubro<br \/>\n(Sal\u00f3n de Actos del Instituto de Investigaciones Hist\u00f3ricas, UNAM)<\/p>\n<p>9:45 Inauguraci\u00f3n<\/p>\n<p>10:00-12:00 \u201cGentilidad\u201d e \u201cIdolatr\u00eda\u201d<br \/>\nModeradora: Mar\u00eda Teresa \u00c1lvarez-Icaza, IIH-UNAM<\/p>\n<p>El lenguaje inquisitorial y el concepto de \u201cidolatr\u00eda\u201d en las fuentes del Provisorato de Indios de M\u00e9xico<br \/>\nGerardo Lara Cisneros, IIH-UNAM<\/p>\n<p>De testigo falso a testigo in\u00fatil: la calificaci\u00f3n de los testimonios mayas en las comisar\u00edas inquisitoriales de Guatemala y Yucat\u00e1n, 1570-1770<br \/>\nJohn F. Chuchiak, Missouri State University<\/p>\n<p>El l\u00e9xico de la \u201cgentilidade\u201d en los procesos de la Inquisici\u00f3n en Asia<br \/>\nMiguel Rodrigues Louren\u00e7o, CHAM-FCSH\/NOVA; CEHR-UCP; CESAB<\/p>\n<p>12:10-13:30 Herej\u00eda y extranjer\u00eda<br \/>\nModerador: Iv\u00e1n Escamilla, IIH-UNAM<\/p>\n<p>El lenguaje del juda\u00edsmo disimulado en los documentos de la Inquisici\u00f3n portuguesa (siglos XVI y XVII)<br \/>\nSusana Bastos Mateus, CESAB; CIDEHUS-UE; CEHR-UCP<\/p>\n<p>Discursos sobre extranjeros en el R\u00edo de la Plata de tiempos coloniales<br \/>\nJaqueline Vassallo, Universidad Nacional de C\u00f3rdoba-CONICET<\/p>\n<p>16:00-17:30 Relatos y ficciones<br \/>\nModeradora: Estela Rosell\u00f3, IIH-UNAM<\/p>\n<p>T\u00f3picos y motivos de la literatura tradicional en expedientes inquisitoriales del siglo XVIII novohispano<br \/>\nCecilia L\u00f3pez Ridaura, Escuela Nacional de Estudios Superiores Morelia-UNAM<\/p>\n<p>Voces mulatas: del temprano encuentro de la escritura inquisitorial a la \u201cautobiograf\u00eda\u201d ficcional (siglos XVI-XXI)<br \/>\nRafaelle Moro, IEMS\/Universidad Iberoamericana<\/p>\n<p>16 de Outubro<br \/>\n(Sal\u00f3n 5524 de El Colegio de M\u00e9xico)<\/p>\n<p>10:00-12:00 Justicia y orden pol\u00edtico<br \/>\nModeradora: Olivia Moreno Gamboa, Instituto de Investigaciones Filol\u00f3gicas-UNAM<\/p>\n<p>Recepci\u00f3n y traducci\u00f3n cultural del Santo Oficio de la Inquisici\u00f3n por las comisar\u00edas chilenas<br \/>\nMacarena Cordero Fern\u00e1ndez, Universidad de los Andes<\/p>\n<p>\u201cComo tribunal superior a los otros\u201d. La idea de universalidad romana frente a las inquisiciones ib\u00e9ricas a mediados del siglo XVI<br \/>\nAndrea Cicerchia, Centro de Estudos de Hist\u00f3ria Religiosa-Universidade Cat\u00f3lica Portuguesa<\/p>\n<p>Discursos y pr\u00e1cticas de la censura de libros en los tribunales de Inquisici\u00f3n de Lima y Cerde\u00f1a, siglos XVI y XVII<br \/>\nPedro Guibovich, Pontificia Universidad Cat\u00f3lica del Per\u00fa<\/p>\n<p>12:10-13:30 Escritura y censura<br \/>\nModeradora: Solange Alberro, Centro de Estudios Hist\u00f3ricos-El Colegio de M\u00e9xico<\/p>\n<p>Apropiaciones visuales del lenguaje simb\u00f3lico inquisitorial por los vecinos del mundo atl\u00e1ntico en el siglo XVI<br \/>\nNatalia Silva Prada, Biblioteca del Congreso (participaci\u00f3n por videoconferencia)<\/p>\n<p>El lenguaje inquisitorial en una relaci\u00f3n de causa y un libelo anti inquisitorial<br \/>\nGabriel Torres Puga, Centro de Estudios Hist\u00f3ricos-El Colegio de M\u00e9xico<\/p>\n<p>13:30-14:00 Conclusiones y discusi\u00f3n final<\/p>\n<p>Organizadores:<br \/>\nSusana Bastos Mateus, CESAB; CIDEHUS-UE; CEHR-UCP<br \/>\nGerardo Lara Cisneros, IIH-UNAM<br \/>\nMiguel Rodrigues Louren\u00e7o, CHAM-FCSH\/NOVA; CEHR-UCP; CESAB<br \/>\nGabriel Torres Puga, CEH, El Colegio de M\u00e9xico<\/p>\n<p>Mais informa\u00e7\u00f5es em: http:\/\/www.historicas.unam.mx\/eventos\/2019\/coloquio_lenguaje_inquisitorial.html<\/p>\n<p class='attachment-link'><a href=\"https:\/\/catedra-alberto-benveniste.org\/wp-content\/uploads\/2024\/11\/cartel_coloquio_lenguaje_inquisitorial.pdf\" target=\"_blank\" rel=\"noopener\">cartel_coloquio_lenguaje_inquisitorial.pdf<\/a><\/p>\n","protected":false},"excerpt":{"rendered":"<p>A C\u00e1tedra de Estudos Sefarditas Alberto Benveniste, atrav\u00e9s do grupo de investiga\u00e7\u00e3o &#8220;Hist\u00f3ria das Inquisi\u00e7\u00f5es&#8221;, participa na organiza\u00e7\u00e3o deste col\u00f3quio internacional realizado na Cidade do M\u00e9xico.<\/p>\n","protected":false},"author":1,"featured_media":8436,"comment_status":"open","ping_status":"open","sticky":false,"template":"","format":"standard","meta":{"footnotes":""},"categories":[49],"tags":[],"class_list":["post-9641","post","type-post","status-publish","format-standard","has-post-thumbnail","hentry","category-noticias-en"],"_links":{"self":[{"href":"https:\/\/catedra-alberto-benveniste.org\/en\/wp-json\/wp\/v2\/posts\/9641","targetHints":{"allow":["GET"]}}],"collection":[{"href":"https:\/\/catedra-alberto-benveniste.org\/en\/wp-json\/wp\/v2\/posts"}],"about":[{"href":"https:\/\/catedra-alberto-benveniste.org\/en\/wp-json\/wp\/v2\/types\/post"}],"author":[{"embeddable":true,"href":"https:\/\/catedra-alberto-benveniste.org\/en\/wp-json\/wp\/v2\/users\/1"}],"replies":[{"embeddable":true,"href":"https:\/\/catedra-alberto-benveniste.org\/en\/wp-json\/wp\/v2\/comments?post=9641"}],"version-history":[{"count":0,"href":"https:\/\/catedra-alberto-benveniste.org\/en\/wp-json\/wp\/v2\/posts\/9641\/revisions"}],"wp:featuredmedia":[{"embeddable":true,"href":"https:\/\/catedra-alberto-benveniste.org\/en\/wp-json\/wp\/v2\/media\/8436"}],"wp:attachment":[{"href":"https:\/\/catedra-alberto-benveniste.org\/en\/wp-json\/wp\/v2\/media?parent=9641"}],"wp:term":[{"taxonomy":"category","embeddable":true,"href":"https:\/\/catedra-alberto-benveniste.org\/en\/wp-json\/wp\/v2\/categories?post=9641"},{"taxonomy":"post_tag","embeddable":true,"href":"https:\/\/catedra-alberto-benveniste.org\/en\/wp-json\/wp\/v2\/tags?post=9641"}],"curies":[{"name":"wp","href":"https:\/\/api.w.org\/{rel}","templated":true}]}}