{"id":9626,"date":"2021-10-03T05:03:59","date_gmt":"2021-10-03T05:03:59","guid":{"rendered":"https:\/\/catedra-alberto-benveniste.org\/lancamento-do-livro-fora-do-secreto-de-pedro-pinto\/"},"modified":"2021-10-03T05:03:59","modified_gmt":"2021-10-03T05:03:59","slug":"lancamento-do-livro-fora-do-secreto-de-pedro-pinto","status":"publish","type":"post","link":"https:\/\/catedra-alberto-benveniste.org\/en\/lancamento-do-livro-fora-do-secreto-de-pedro-pinto\/","title":{"rendered":"Lan\u00e7amento do livro Fora do Secreto de Pedro Pinto"},"content":{"rendered":"<p>Apresenta\u00e7\u00e3o do livro Fora do Secreto: Um contributo para o conhecimento do Tribunal do Santo Of\u00edcio em arquivos e bibliotecas em Portugal, do investigador Pedro Pinto, editado pelo CEHR-UCP e com o apoio da CESAB.<\/p>\n<p>9 Novembro, 18h00 | Transmiss\u00e3o via Zoom<br \/>\nApresenta\u00e7\u00e3o por Bruno Feitler (Universidade Federal de S\u00e3o Paulo).<br \/>\nCom a participa\u00e7\u00e3o de Paulo Fontes (Centro de Estudos de Hist\u00f3ria Religiosa da Universidade Cat\u00f3lica Portuguesa) e Maria de F\u00e1tima Reis (C\u00e1tedra de Estudos Sefarditas Alberto Benveniste).<br \/>\nInscri\u00e7\u00f5es em: secretariado.cehr@ft.lisboa.ucp.pt<\/p>\n","protected":false},"excerpt":{"rendered":"<p>Apresenta\u00e7\u00e3o do livro Fora do Secreto: Um contributo para o conhecimento do Tribunal do Santo Of\u00edcio em arquivos e bibliotecas em Portugal, do investigador Pedro Pinto, editado pelo CEHR-UCP e com o apoio da CESAB.<\/p>\n","protected":false},"author":1,"featured_media":8880,"comment_status":"open","ping_status":"open","sticky":false,"template":"","format":"standard","meta":{"footnotes":""},"categories":[49],"tags":[],"class_list":["post-9626","post","type-post","status-publish","format-standard","has-post-thumbnail","hentry","category-noticias-en"],"_links":{"self":[{"href":"https:\/\/catedra-alberto-benveniste.org\/en\/wp-json\/wp\/v2\/posts\/9626","targetHints":{"allow":["GET"]}}],"collection":[{"href":"https:\/\/catedra-alberto-benveniste.org\/en\/wp-json\/wp\/v2\/posts"}],"about":[{"href":"https:\/\/catedra-alberto-benveniste.org\/en\/wp-json\/wp\/v2\/types\/post"}],"author":[{"embeddable":true,"href":"https:\/\/catedra-alberto-benveniste.org\/en\/wp-json\/wp\/v2\/users\/1"}],"replies":[{"embeddable":true,"href":"https:\/\/catedra-alberto-benveniste.org\/en\/wp-json\/wp\/v2\/comments?post=9626"}],"version-history":[{"count":0,"href":"https:\/\/catedra-alberto-benveniste.org\/en\/wp-json\/wp\/v2\/posts\/9626\/revisions"}],"wp:featuredmedia":[{"embeddable":true,"href":"https:\/\/catedra-alberto-benveniste.org\/en\/wp-json\/wp\/v2\/media\/8880"}],"wp:attachment":[{"href":"https:\/\/catedra-alberto-benveniste.org\/en\/wp-json\/wp\/v2\/media?parent=9626"}],"wp:term":[{"taxonomy":"category","embeddable":true,"href":"https:\/\/catedra-alberto-benveniste.org\/en\/wp-json\/wp\/v2\/categories?post=9626"},{"taxonomy":"post_tag","embeddable":true,"href":"https:\/\/catedra-alberto-benveniste.org\/en\/wp-json\/wp\/v2\/tags?post=9626"}],"curies":[{"name":"wp","href":"https:\/\/api.w.org\/{rel}","templated":true}]}}