{"id":9618,"date":"2022-01-28T19:59:59","date_gmt":"2022-01-28T19:59:59","guid":{"rendered":"https:\/\/catedra-alberto-benveniste.org\/falecimento-do-professor-francisco-contente-domingues-2\/"},"modified":"2022-01-28T19:59:59","modified_gmt":"2022-01-28T19:59:59","slug":"falecimento-do-professor-francisco-contente-domingues-2","status":"publish","type":"post","link":"https:\/\/catedra-alberto-benveniste.org\/en\/falecimento-do-professor-francisco-contente-domingues-2\/","title":{"rendered":"Falecimento do Professor Francisco Contente Domingues"},"content":{"rendered":"<p>Leia aqui a nota de pesar dos mecenas da C\u00e1tedra, Monique e Serge Benveniste<\/p>\n<p>Foi com grande tristeza que recebemos a noticia do falecimento do Professor Doutor Francisco Contente Domingues.<br \/>\nFoi sempre um amigo dedicado da C\u00e1tedra de Estudos Sefarditas, o que nos honrou muito.<br \/>\nA sua mem\u00f3ria ficar\u00e1 sempre viva nos nossos cora\u00e7\u00f5es.<br \/>\nNeste momento doloroso apresentamos \u00e0 Fam\u00edlia as nossas mais sentidas condol\u00eancias.<\/p>\n<p>Monique e Serge Benveniste<\/p>\n","protected":false},"excerpt":{"rendered":"<p>Leia aqui a nota de pesar dos mecenas da C\u00e1tedra, Monique e Serge Benveniste<\/p>\n","protected":false},"author":1,"featured_media":8886,"comment_status":"open","ping_status":"open","sticky":false,"template":"","format":"standard","meta":{"footnotes":""},"categories":[49],"tags":[],"class_list":["post-9618","post","type-post","status-publish","format-standard","has-post-thumbnail","hentry","category-noticias-en"],"_links":{"self":[{"href":"https:\/\/catedra-alberto-benveniste.org\/en\/wp-json\/wp\/v2\/posts\/9618","targetHints":{"allow":["GET"]}}],"collection":[{"href":"https:\/\/catedra-alberto-benveniste.org\/en\/wp-json\/wp\/v2\/posts"}],"about":[{"href":"https:\/\/catedra-alberto-benveniste.org\/en\/wp-json\/wp\/v2\/types\/post"}],"author":[{"embeddable":true,"href":"https:\/\/catedra-alberto-benveniste.org\/en\/wp-json\/wp\/v2\/users\/1"}],"replies":[{"embeddable":true,"href":"https:\/\/catedra-alberto-benveniste.org\/en\/wp-json\/wp\/v2\/comments?post=9618"}],"version-history":[{"count":0,"href":"https:\/\/catedra-alberto-benveniste.org\/en\/wp-json\/wp\/v2\/posts\/9618\/revisions"}],"wp:featuredmedia":[{"embeddable":true,"href":"https:\/\/catedra-alberto-benveniste.org\/en\/wp-json\/wp\/v2\/media\/8886"}],"wp:attachment":[{"href":"https:\/\/catedra-alberto-benveniste.org\/en\/wp-json\/wp\/v2\/media?parent=9618"}],"wp:term":[{"taxonomy":"category","embeddable":true,"href":"https:\/\/catedra-alberto-benveniste.org\/en\/wp-json\/wp\/v2\/categories?post=9618"},{"taxonomy":"post_tag","embeddable":true,"href":"https:\/\/catedra-alberto-benveniste.org\/en\/wp-json\/wp\/v2\/tags?post=9618"}],"curies":[{"name":"wp","href":"https:\/\/api.w.org\/{rel}","templated":true}]}}