{"id":9614,"date":"2022-03-28T15:27:59","date_gmt":"2022-03-28T15:27:59","guid":{"rendered":"https:\/\/catedra-alberto-benveniste.org\/a-inquisicao-portuguesa-200-anos-depois\/"},"modified":"2022-03-28T15:27:59","modified_gmt":"2022-03-28T15:27:59","slug":"a-inquisicao-portuguesa-200-anos-depois","status":"publish","type":"post","link":"https:\/\/catedra-alberto-benveniste.org\/en\/a-inquisicao-portuguesa-200-anos-depois\/","title":{"rendered":"A Inquisi\u00e7\u00e3o Portuguesa: 200 anos depois"},"content":{"rendered":"<p>A C\u00e1tedra \u00e9 uma das institui\u00e7\u00f5es organizadoras deste semin\u00e1rio online que, ao longo de 2021, ir\u00e1 congregar os principais especialistas no estudo da Inquisi\u00e7\u00e3o portuguesa.<\/p>\n<p>M\u00f3dulo 2 dispon\u00edvel a partir de 24 de Junho (via Youtube)<br \/>\nAceda aos links e inscreva-se no website do evento: https:\/\/www.even3.com.br\/inquisicaoportuguesa200anos\/<\/p>\n<p>As inscri\u00e7\u00f5es s\u00e3o gratuitas e dar\u00e3o direito a certificados aos participantes.<\/p>\n<p>O evento ocorre em cinco m\u00f3dulos entre Abril e Dezembro de 2021.<\/p>\n","protected":false},"excerpt":{"rendered":"<p>A C\u00e1tedra \u00e9 uma das institui\u00e7\u00f5es organizadoras deste semin\u00e1rio online que, ao longo de 2021, ir\u00e1 congregar os principais especialistas no estudo da Inquisi\u00e7\u00e3o portuguesa.<\/p>\n","protected":false},"author":1,"featured_media":8457,"comment_status":"open","ping_status":"open","sticky":false,"template":"","format":"standard","meta":{"footnotes":""},"categories":[49],"tags":[],"class_list":["post-9614","post","type-post","status-publish","format-standard","has-post-thumbnail","hentry","category-noticias-en"],"_links":{"self":[{"href":"https:\/\/catedra-alberto-benveniste.org\/en\/wp-json\/wp\/v2\/posts\/9614","targetHints":{"allow":["GET"]}}],"collection":[{"href":"https:\/\/catedra-alberto-benveniste.org\/en\/wp-json\/wp\/v2\/posts"}],"about":[{"href":"https:\/\/catedra-alberto-benveniste.org\/en\/wp-json\/wp\/v2\/types\/post"}],"author":[{"embeddable":true,"href":"https:\/\/catedra-alberto-benveniste.org\/en\/wp-json\/wp\/v2\/users\/1"}],"replies":[{"embeddable":true,"href":"https:\/\/catedra-alberto-benveniste.org\/en\/wp-json\/wp\/v2\/comments?post=9614"}],"version-history":[{"count":0,"href":"https:\/\/catedra-alberto-benveniste.org\/en\/wp-json\/wp\/v2\/posts\/9614\/revisions"}],"wp:featuredmedia":[{"embeddable":true,"href":"https:\/\/catedra-alberto-benveniste.org\/en\/wp-json\/wp\/v2\/media\/8457"}],"wp:attachment":[{"href":"https:\/\/catedra-alberto-benveniste.org\/en\/wp-json\/wp\/v2\/media?parent=9614"}],"wp:term":[{"taxonomy":"category","embeddable":true,"href":"https:\/\/catedra-alberto-benveniste.org\/en\/wp-json\/wp\/v2\/categories?post=9614"},{"taxonomy":"post_tag","embeddable":true,"href":"https:\/\/catedra-alberto-benveniste.org\/en\/wp-json\/wp\/v2\/tags?post=9614"}],"curies":[{"name":"wp","href":"https:\/\/api.w.org\/{rel}","templated":true}]}}