{"id":9598,"date":"2022-11-18T12:05:07","date_gmt":"2022-11-18T12:05:07","guid":{"rendered":"https:\/\/catedra-alberto-benveniste.org\/familia-mendes-seixas\/"},"modified":"2024-12-11T12:57:58","modified_gmt":"2024-12-11T12:57:58","slug":"familia-mendes-seixas","status":"publish","type":"post","link":"https:\/\/catedra-alberto-benveniste.org\/en\/familia-mendes-seixas\/","title":{"rendered":"Fam\u00edlia Mendes Seixas"},"content":{"rendered":"<p class=\"destaqueDescricao\">\u201cGive me your tired, your poor,<\/p>\n<p class=\"destaqueDescricao\">Your huddled masses yearning to breathe free,<\/p>\n<p class=\"destaqueDescricao\">The wretched refuse of your teeming shore.<\/p>\n<p class=\"destaqueDescricao\">Send these, the homeless, tempest-tost to me,<\/p>\n<p class=\"destaqueDescricao\">I lift my lamp beside the golden door!\u201d<\/p>\n<p class=\"destaqueDescricao\">Quando Emma Lazarus escreveu o soneto \u201cThe New Colossus\u201d (1883), que viria a repousar aos p\u00e9s da Est\u00e1tua da Liberdade vinte anos ap\u00f3s a sua composi\u00e7\u00e3o, talvez j\u00e1 lhe fosse muito remota ou qui\u00e7\u00e1 nula a mem\u00f3ria do trisav\u00f4 Isaac Mendes Seixas. Cerca de s\u00e9culo e meio antes, ele desembarcara no porto de Nova Iorque, dando origem a uma prole que participaria da hist\u00f3ria n\u00e3o s\u00f3 das comunidades judaicas norte-americanas, mas tamb\u00e9m do percurso da col\u00f3nia brit\u00e2nica at\u00e9 \u00e0 independ\u00eancia e forma\u00e7\u00e3o dos Estados Unidos da Am\u00e9rica. Da sua descend\u00eancia, contam-se os nomes de Gershom Mendes Seixas, o primeiro ministro judeu nascido no continente americano e reconhecido patriota e defensor da causa republicana, Moses Mendes Seixas, um dos homens de neg\u00f3cio mais not\u00e1veis de Newport, que esteve na cria\u00e7\u00e3o do Rhode Island Bank e foi gr\u00e3o-mestre Grande Loja ma\u00e7\u00f3nica de Rhode Island, e Benjamin Mendes Seixas, um dos fundadores da Bolsa de Valores de Nova Iorque.<\/p>\n<p class=\"destaqueDescricao\">Mas as origens de Isaac encontravam-se bem longe, do outro lado do Atl\u00e2ntico, ele que nascera em Lisboa no in\u00edcio do s\u00e9culo XVIII, no seio de uma fam\u00edlia de mercadores, legistas e m\u00e9dicos beir\u00f5es. A persegui\u00e7\u00e3o inquisitorial e a procura de novas oportunidades obrigara os Mendes Seixas \u00e0 partida da Beira natal e, mais tarde, ao abandono das fronteiras portuguesas. De Lisboa a Londres, a di\u00e1spora da fam\u00edlia continuou por terras americanas. Tamb\u00e9m eles procuravam respirar a liberdade imortalizada pela pena da descendente Emma.<\/p>\n<p><a href=\"https:\/\/catedra-alberto-benveniste.org\/as-raizes-portuguesas\/\">As Ra\u00edzes Portuguesas<\/a><\/p>\n<p><a href=\"https:\/\/catedra-alberto-benveniste.org\/biografias\/\">Biografias<\/a><\/p>\n<p><a href=\"https:\/\/catedra-alberto-benveniste.org\/cronologia-2\/\">Cronologia<\/a><\/p>\n<p><a href=\"https:\/\/catedra-alberto-benveniste.org\/genealogias\/\">Genealogias<\/a><\/p>\n\n\n<p><\/p>\n","protected":false},"excerpt":{"rendered":"<p>\u201cGive me your tired, your poor, Your huddled masses yearning to breathe free, The wretched refuse of your teeming shore. Send these, the homeless, tempest-tost to me, I lift my lamp beside the golden door!\u201d Quando Emma Lazarus escreveu o soneto \u201cThe New Colossus\u201d (1883), que viria a repousar aos p\u00e9s da Est\u00e1tua da Liberdade [&hellip;]<\/p>\n","protected":false},"author":1,"featured_media":8799,"comment_status":"open","ping_status":"open","sticky":false,"template":"","format":"standard","meta":{"footnotes":""},"categories":[1],"tags":[],"class_list":["post-9598","post","type-post","status-publish","format-standard","has-post-thumbnail","hentry","category-sem-categoria"],"_links":{"self":[{"href":"https:\/\/catedra-alberto-benveniste.org\/en\/wp-json\/wp\/v2\/posts\/9598","targetHints":{"allow":["GET"]}}],"collection":[{"href":"https:\/\/catedra-alberto-benveniste.org\/en\/wp-json\/wp\/v2\/posts"}],"about":[{"href":"https:\/\/catedra-alberto-benveniste.org\/en\/wp-json\/wp\/v2\/types\/post"}],"author":[{"embeddable":true,"href":"https:\/\/catedra-alberto-benveniste.org\/en\/wp-json\/wp\/v2\/users\/1"}],"replies":[{"embeddable":true,"href":"https:\/\/catedra-alberto-benveniste.org\/en\/wp-json\/wp\/v2\/comments?post=9598"}],"version-history":[{"count":4,"href":"https:\/\/catedra-alberto-benveniste.org\/en\/wp-json\/wp\/v2\/posts\/9598\/revisions"}],"predecessor-version":[{"id":10372,"href":"https:\/\/catedra-alberto-benveniste.org\/en\/wp-json\/wp\/v2\/posts\/9598\/revisions\/10372"}],"wp:featuredmedia":[{"embeddable":true,"href":"https:\/\/catedra-alberto-benveniste.org\/en\/wp-json\/wp\/v2\/media\/8799"}],"wp:attachment":[{"href":"https:\/\/catedra-alberto-benveniste.org\/en\/wp-json\/wp\/v2\/media?parent=9598"}],"wp:term":[{"taxonomy":"category","embeddable":true,"href":"https:\/\/catedra-alberto-benveniste.org\/en\/wp-json\/wp\/v2\/categories?post=9598"},{"taxonomy":"post_tag","embeddable":true,"href":"https:\/\/catedra-alberto-benveniste.org\/en\/wp-json\/wp\/v2\/tags?post=9598"}],"curies":[{"name":"wp","href":"https:\/\/api.w.org\/{rel}","templated":true}]}}