{"id":9569,"date":"2022-12-03T14:11:59","date_gmt":"2022-12-03T14:11:59","guid":{"rendered":"https:\/\/catedra-alberto-benveniste.org\/nova-edicao-apoiada-pela-cesab\/"},"modified":"2024-11-28T19:52:02","modified_gmt":"2024-11-28T19:52:02","slug":"nova-edicao-apoiada-pela-cesab","status":"publish","type":"post","link":"https:\/\/catedra-alberto-benveniste.org\/en\/nova-edicao-apoiada-pela-cesab\/","title":{"rendered":"Nova edi\u00e7\u00e3o apoiada pela CESAB"},"content":{"rendered":"<p>J\u00e1 se encontra dispon\u00edvel para venda o novo livro de Carla Vieira. Para adquirir o seu exemplar, basta enviar-nos uma mensagem para cesab@letras.ulisboa.pt.<\/p>\n<p>Carla Vieira, Na\u00e7\u00e3o entre Imp\u00e9rios: Judeus Portugueses e a Alian\u00e7a Luso-Brit\u00e2nica (S\u00e9culo XVIII). Famalic\u00e3o: H\u00famus Editora, 2022. 321 pp.<br \/>\nEm 1703, Portugal e Inglaterra assinam aquele que ficaria conhecido como o Tratado de Methuen. No mesmo ano, a Inquisi\u00e7\u00e3o concentra esfor\u00e7os contra os crist\u00e3os-novos de Lisboa. Em Londres, a congrega\u00e7\u00e3o sefardita reorganiza-se sob a lideran\u00e7a de David Nieto, antes do crescimento exponencial nos anos 1720, alimentado pelos exilados de Portugal. Neste livro, acabado de sair, Carla Vieira interrelaciona um dos cap\u00edtulos finais da hist\u00f3ria da di\u00e1spora sefardita ocidental com as din\u00e2micas da alian\u00e7a luso-brit\u00e2nica na primeira metade do s\u00e9culo XVIII.<\/p>\n<p>\u00cdndice:<br \/>\nIntrodu\u00e7\u00e3o<br \/>\nParte I: Sob o espectro da Inquisi\u00e7\u00e3o<br \/>\n1. Um gr\u00e3o na engrenagem na alian\u00e7a luso-brit\u00e2nica<br \/>\n2. Ritmos da actua\u00e7\u00e3o inquisitorial na primeira metade do s\u00e9culo XVIII<br \/>\n3. Impacto econ\u00f3mico e social<br \/>\nParte II: O ex\u00edlio<br \/>\n4. Partir<br \/>\n5. Chegar<br \/>\n6. Voltar<br \/>\nParte III: Judeus e diplomatas<br \/>\n7. Intermedi\u00e1rios, financiadores e informantes<br \/>\n8. Os m\u00e9dicos da enviatura<br \/>\n9. \u201cConsideram a p\u00e1tria onde gozam da liberdade e o desterro onde t\u00eam o castigo\u201d. A na\u00e7\u00e3o judaica segundo Sebasti\u00e3o Jos\u00e9 de Carvalho e Melo<br \/>\nEp\u00edlogo: uma breve reflex\u00e3o sobre a lei de 1773<\/p>\n<p>PVP: 17,50\u20ac<\/p>\n","protected":false},"excerpt":{"rendered":"<p>J\u00e1 se encontra dispon\u00edvel para venda o novo livro de Carla Vieira. Para adquirir o seu exemplar, basta enviar-nos uma mensagem para cesab@letras.ulisboa.pt.<\/p>\n","protected":false},"author":1,"featured_media":8472,"comment_status":"open","ping_status":"open","sticky":false,"template":"","format":"standard","meta":{"footnotes":""},"categories":[49],"tags":[],"class_list":["post-9569","post","type-post","status-publish","format-standard","has-post-thumbnail","hentry","category-noticias-en"],"_links":{"self":[{"href":"https:\/\/catedra-alberto-benveniste.org\/en\/wp-json\/wp\/v2\/posts\/9569","targetHints":{"allow":["GET"]}}],"collection":[{"href":"https:\/\/catedra-alberto-benveniste.org\/en\/wp-json\/wp\/v2\/posts"}],"about":[{"href":"https:\/\/catedra-alberto-benveniste.org\/en\/wp-json\/wp\/v2\/types\/post"}],"author":[{"embeddable":true,"href":"https:\/\/catedra-alberto-benveniste.org\/en\/wp-json\/wp\/v2\/users\/1"}],"replies":[{"embeddable":true,"href":"https:\/\/catedra-alberto-benveniste.org\/en\/wp-json\/wp\/v2\/comments?post=9569"}],"version-history":[{"count":1,"href":"https:\/\/catedra-alberto-benveniste.org\/en\/wp-json\/wp\/v2\/posts\/9569\/revisions"}],"predecessor-version":[{"id":9589,"href":"https:\/\/catedra-alberto-benveniste.org\/en\/wp-json\/wp\/v2\/posts\/9569\/revisions\/9589"}],"wp:featuredmedia":[{"embeddable":true,"href":"https:\/\/catedra-alberto-benveniste.org\/en\/wp-json\/wp\/v2\/media\/8472"}],"wp:attachment":[{"href":"https:\/\/catedra-alberto-benveniste.org\/en\/wp-json\/wp\/v2\/media?parent=9569"}],"wp:term":[{"taxonomy":"category","embeddable":true,"href":"https:\/\/catedra-alberto-benveniste.org\/en\/wp-json\/wp\/v2\/categories?post=9569"},{"taxonomy":"post_tag","embeddable":true,"href":"https:\/\/catedra-alberto-benveniste.org\/en\/wp-json\/wp\/v2\/tags?post=9569"}],"curies":[{"name":"wp","href":"https:\/\/api.w.org\/{rel}","templated":true}]}}