{"id":9557,"date":"2023-05-29T00:35:59","date_gmt":"2023-05-29T00:35:59","guid":{"rendered":"https:\/\/catedra-alberto-benveniste.org\/workshop-com-claude-stuczynski\/"},"modified":"2024-11-28T19:52:01","modified_gmt":"2024-11-28T19:52:01","slug":"workshop-com-claude-stuczynski","status":"publish","type":"post","link":"https:\/\/catedra-alberto-benveniste.org\/en\/workshop-com-claude-stuczynski\/","title":{"rendered":"Workshop com Claude Stuczynski"},"content":{"rendered":"<p>&#8220;Entre teologia e racismo: crist\u00e3os-novos na imagem inquisitorial&#8221; &#8211; Claude Stuczynski (Israel Institute for Advanced Studies, The Hebrew University of Jerusalem; Bar-Ilan University)<\/p>\n<p>26 Abril, 18h00 (GMT) | Via Zoom<br \/>\nA sess\u00e3o ir\u00e1 decorrer em video-confer\u00eancia via Zoom.<br \/>\nLink:<br \/>\nhttps:\/\/videoconf-colibri.zoom.us\/j\/98462230693?pwd=b2NCejJQWnJLWmxnQkJ3T3RzSzRoUT09<\/p>\n<p>ID da reuni\u00e3o: 984 6223 0693<br \/>\nSenha de acesso: 572476<\/p>\n","protected":false},"excerpt":{"rendered":"<p>&#8220;Entre teologia e racismo: crist\u00e3os-novos na imagem inquisitorial&#8221; &#8211; Claude Stuczynski (Israel Institute for Advanced Studies, The Hebrew University of Jerusalem; Bar-Ilan University)<\/p>\n","protected":false},"author":1,"featured_media":8482,"comment_status":"open","ping_status":"open","sticky":false,"template":"","format":"standard","meta":{"footnotes":""},"categories":[49],"tags":[],"class_list":["post-9557","post","type-post","status-publish","format-standard","has-post-thumbnail","hentry","category-noticias-en"],"_links":{"self":[{"href":"https:\/\/catedra-alberto-benveniste.org\/en\/wp-json\/wp\/v2\/posts\/9557","targetHints":{"allow":["GET"]}}],"collection":[{"href":"https:\/\/catedra-alberto-benveniste.org\/en\/wp-json\/wp\/v2\/posts"}],"about":[{"href":"https:\/\/catedra-alberto-benveniste.org\/en\/wp-json\/wp\/v2\/types\/post"}],"author":[{"embeddable":true,"href":"https:\/\/catedra-alberto-benveniste.org\/en\/wp-json\/wp\/v2\/users\/1"}],"replies":[{"embeddable":true,"href":"https:\/\/catedra-alberto-benveniste.org\/en\/wp-json\/wp\/v2\/comments?post=9557"}],"version-history":[{"count":1,"href":"https:\/\/catedra-alberto-benveniste.org\/en\/wp-json\/wp\/v2\/posts\/9557\/revisions"}],"predecessor-version":[{"id":9577,"href":"https:\/\/catedra-alberto-benveniste.org\/en\/wp-json\/wp\/v2\/posts\/9557\/revisions\/9577"}],"wp:featuredmedia":[{"embeddable":true,"href":"https:\/\/catedra-alberto-benveniste.org\/en\/wp-json\/wp\/v2\/media\/8482"}],"wp:attachment":[{"href":"https:\/\/catedra-alberto-benveniste.org\/en\/wp-json\/wp\/v2\/media?parent=9557"}],"wp:term":[{"taxonomy":"category","embeddable":true,"href":"https:\/\/catedra-alberto-benveniste.org\/en\/wp-json\/wp\/v2\/categories?post=9557"},{"taxonomy":"post_tag","embeddable":true,"href":"https:\/\/catedra-alberto-benveniste.org\/en\/wp-json\/wp\/v2\/tags?post=9557"}],"curies":[{"name":"wp","href":"https:\/\/api.w.org\/{rel}","templated":true}]}}