{"id":9551,"date":"2023-08-25T05:47:59","date_gmt":"2023-08-25T05:47:59","guid":{"rendered":"https:\/\/catedra-alberto-benveniste.org\/workshop-nos-400-anos-do-reportorio-de-joao-delgado-figueira-fontes-e-metodologias-para-o-estudo-da-inquisicao-de-goa\/"},"modified":"2023-08-25T05:47:59","modified_gmt":"2023-08-25T05:47:59","slug":"workshop-nos-400-anos-do-reportorio-de-joao-delgado-figueira-fontes-e-metodologias-para-o-estudo-da-inquisicao-de-goa","status":"publish","type":"post","link":"https:\/\/catedra-alberto-benveniste.org\/en\/workshop-nos-400-anos-do-reportorio-de-joao-delgado-figueira-fontes-e-metodologias-para-o-estudo-da-inquisicao-de-goa\/","title":{"rendered":"Workshop \u00abNos 400 anos do &#8220;Reportorio&#8221; de Jo\u00e3o Delgado Figueira: fontes e metodologias para o estudo da Inquisi\u00e7\u00e3o de Goa\u00bb"},"content":{"rendered":"<p>4 e 5 Julho | Universidade Cat\u00f3lica Portuguesa, Sala 321 (edif\u00edcio antigo) e via Zoom<br \/>\nO desaparecimento do arquivo da Inquisi\u00e7\u00e3o de Goa nos in\u00edcios do s\u00e9culo XIX impactou fortemente a reflex\u00e3o historiogr\u00e1fica sobre este tribunal. N\u00e3o s\u00f3 contribuiu para atrasar o desenvolvimento consistente da investiga\u00e7\u00e3o como, por for\u00e7a da exiguidade das fontes de informa\u00e7\u00e3o, os historiadores foram confrontados com a necessidade de trilhar um \u201citiner\u00e1rio de pesquisa\u201d comum, onde processos e correspond\u00eancia inquisitoriais ou listas de autos-da-f\u00e9 constitu\u00edam paragens obrigat\u00f3rias de uma an\u00e1lise centrada no tribunal. Em especial, o Reportorio Geral elaborado pelo promotor Jo\u00e3o Delgado Figueira adquiriu protagonismo entre a documenta\u00e7\u00e3o enviada pela Inquisi\u00e7\u00e3o de Goa a Lisboa devido \u00e0 sistematicidade que proporcionava quanto \u00e0 sua atua\u00e7\u00e3o durante o per\u00edodo abrangido (1561-1623). No ano em que se cumprem quatro s\u00e9culos sobre a sua conclus\u00e3o, este workshop tem como objetivo refletir sobre as potencialidades ainda por explorar de um documento t\u00e3o rico como este, assim como sobre a figura que o elaborou. Aproveitaremos o ensejo para abordar, igualmente, outras tipologias documentais enviadas do Estado da \u00cdndia \u00e0s autoridades inquisitoriais de Lisboa com o intuito de refletir, quer sobre as possibilidades de documenta\u00e7\u00e3o h\u00e1 muito conhecida ou de outra ainda desconsiderada at\u00e9 \u00e0 data.<\/p>\n<p>Programa<\/p>\n<p>          4 de julho<br \/>\n          O promotor Jo\u00e3o Delgado Figueira e o Report\u00f3rio dos processos da Inquisi\u00e7\u00e3o de Goa<br \/>\n14h00: Abertura<br \/>\n14h30: Confer\u00eancia de abertura<br \/>\nCaminhos poss\u00edveis para a historiografia sobre a Inquisi\u00e7\u00e3o de Goa: \u201cnovas\u201d e antigas fontes<br \/>\nBruno Feitler (Universidade Federal de S\u00e3o Paulo (Unifesp)\/CNPq)<br \/>\n15h00: Debate<br \/>\n15h20: Pausa<br \/>\n15h30: Mesa 1<br \/>\nInventariar e conhecer os presos do Santo Of\u00edcio portugu\u00eas. Das primeiras listas ao Report\u00f3rio de Jo\u00e3o Delgado Figueira<br \/>\nSusana Bastos Mateus (CESAB-FLUL; CIDEHUS-UE; UCP-CEHR)<br \/>\nO jovem Jo\u00e3o Delgado Figueira e a organiza\u00e7\u00e3o do Secreto da Inquisi\u00e7\u00e3o de Goa<br \/>\nC\u00e9lia Tavares (PPGHS\/UERJ, N\u00facleo de Estudos Inquisitoriais e Grupo de Pesquisa Companhia das \u00cdndias)<br \/>\nJo\u00e3o Delgado Figueira\u2019s role in the Madurai Mission controversy<br \/>\nPaolo Aranha (Roma)<br \/>\n16h30: Debate<br \/>\n17h00: Pausa<br \/>\n17h30: Mesa 2<br \/>\nCastas de Cativos: escravatura e estatutos sociais no Report\u00f3rio de Jo\u00e3o Delgado Figueira<br \/>\nPatricia Souza de Faria (Universidade Federal Rural do Rio de Janeiro, PPHR-UFRRJ)<br \/>\nO fim de uma inquisi\u00e7\u00e3o tradicional: o Santo Of\u00edcio de Goa, do juda\u00edsmo \u00e0 gentilidade, da cidade \u00e0s aldeias (c. 1590-c. 1615)<br \/>\nMiguel Rodrigues Louren\u00e7o (CHAM, FCSH-UNL; UCP-CEHR; CESAB-FLUL)<br \/>\n18h10: Debate<\/p>\n<p>          5 de julho<br \/>\n          Pensar o futuro da investiga\u00e7\u00e3o sobre a Inquisi\u00e7\u00e3o de Goa<br \/>\n14h30: Mesa 3<br \/>\nThe Goa Inquisition before the Indian People: Why historical sources matter?<br \/>\nDale Menezes (Georgetown University)<br \/>\n\u00ab[&#8230;] que recebeu procedidos de uma letra passada em Goa\u00bb: fluxos financeiros entre a Inquisi\u00e7\u00e3o de Goa e o Conselho Geral do Santo Of\u00edcio (s\u00e9cs. XVII-XVIII)<br \/>\nBruno Lopes (CIDEHUS-Universidade de \u00c9vora)<br \/>\n\u00abPara brilharem com muito esplendor entre outros da nossa na\u00e7\u00e3o\u00bb: familiares do Santo Of\u00edcio entre as elites naturais cat\u00f3licas goesas<br \/>\nLu\u00eds Cabral de Oliveira (Polit\u00e9cnico de Leiria; CEDIS-Nova School of Law)<br \/>\n15h30: Debate<br \/>\n15h50: Pausa<br \/>\n16h10: Mesa 4<br \/>\nAs listas de autos-da-f\u00e9 da Goa seiscentista: ind\u00edcios e an\u00e1lises<br \/>\nLuiza Tonon da Silva (Investigadora independente)<br \/>\nThe Early Chinese Rites Controversy and the Inquisitions<br \/>\nWei Jiang (University of Zurich)<br \/>\n16h50: Debate<br \/>\n17h10: Pausa<br \/>\n17h30: Confer\u00eancia de encerramento<br \/>\nPesquisar sobre a Inquisi\u00e7\u00e3o de Goa no Arquivo Hist\u00f3rico Ultramarino<br \/>\nJos\u00e9 Pedro Paiva (Universidade de Coimbra, Centro de Hist\u00f3ria da Sociedade e da Cultura; UCP-CEHR)<br \/>\n18h00: Debate<br \/>\n18h30: Encerramento<\/p>\n<p>Tamb\u00e9m poder\u00e1 acompanhar o workshop via Zoom em:<br \/>\nhttps:\/\/videoconf-colibri.zoom.us\/j\/91535748254<\/p>\n<p class='attachment-link'><a href=\"https:\/\/catedra-alberto-benveniste.org\/wp-content\/uploads\/2022\/07\/Workshop_400_anos-scaled.jpg\" target=\"_blank\" rel=\"noopener\">Workshop_400_anos.pdf<\/a><\/p>\n","protected":false},"excerpt":{"rendered":"<p>4 e 5 Julho | Universidade Cat\u00f3lica Portuguesa, Sala 321 (edif\u00edcio antigo) e via Zoom O desaparecimento do arquivo da Inquisi\u00e7\u00e3o de Goa nos in\u00edcios do s\u00e9culo XIX impactou fortemente a reflex\u00e3o historiogr\u00e1fica sobre este tribunal. N\u00e3o s\u00f3 contribuiu para atrasar o desenvolvimento consistente da investiga\u00e7\u00e3o como, por for\u00e7a da exiguidade das fontes de informa\u00e7\u00e3o, [&hellip;]<\/p>\n","protected":false},"author":1,"featured_media":8488,"comment_status":"open","ping_status":"open","sticky":false,"template":"","format":"standard","meta":{"footnotes":""},"categories":[49],"tags":[],"class_list":["post-9551","post","type-post","status-publish","format-standard","has-post-thumbnail","hentry","category-noticias-en"],"_links":{"self":[{"href":"https:\/\/catedra-alberto-benveniste.org\/en\/wp-json\/wp\/v2\/posts\/9551","targetHints":{"allow":["GET"]}}],"collection":[{"href":"https:\/\/catedra-alberto-benveniste.org\/en\/wp-json\/wp\/v2\/posts"}],"about":[{"href":"https:\/\/catedra-alberto-benveniste.org\/en\/wp-json\/wp\/v2\/types\/post"}],"author":[{"embeddable":true,"href":"https:\/\/catedra-alberto-benveniste.org\/en\/wp-json\/wp\/v2\/users\/1"}],"replies":[{"embeddable":true,"href":"https:\/\/catedra-alberto-benveniste.org\/en\/wp-json\/wp\/v2\/comments?post=9551"}],"version-history":[{"count":0,"href":"https:\/\/catedra-alberto-benveniste.org\/en\/wp-json\/wp\/v2\/posts\/9551\/revisions"}],"wp:featuredmedia":[{"embeddable":true,"href":"https:\/\/catedra-alberto-benveniste.org\/en\/wp-json\/wp\/v2\/media\/8488"}],"wp:attachment":[{"href":"https:\/\/catedra-alberto-benveniste.org\/en\/wp-json\/wp\/v2\/media?parent=9551"}],"wp:term":[{"taxonomy":"category","embeddable":true,"href":"https:\/\/catedra-alberto-benveniste.org\/en\/wp-json\/wp\/v2\/categories?post=9551"},{"taxonomy":"post_tag","embeddable":true,"href":"https:\/\/catedra-alberto-benveniste.org\/en\/wp-json\/wp\/v2\/tags?post=9551"}],"curies":[{"name":"wp","href":"https:\/\/api.w.org\/{rel}","templated":true}]}}