{"id":9549,"date":"2023-09-23T15:31:59","date_gmt":"2023-09-23T15:31:59","guid":{"rendered":"https:\/\/catedra-alberto-benveniste.org\/xxii-congresso-de-estudos-sefarditas-call-for-papers\/"},"modified":"2023-09-23T15:31:59","modified_gmt":"2023-09-23T15:31:59","slug":"xxii-congresso-de-estudos-sefarditas-call-for-papers","status":"publish","type":"post","link":"https:\/\/catedra-alberto-benveniste.org\/en\/xxii-congresso-de-estudos-sefarditas-call-for-papers\/","title":{"rendered":"XXII Congresso de Estudos Sefarditas: Call for papers"},"content":{"rendered":"<p>A Faculdade de Letras da Universidade de Lisboa vai acolher a 22.\u00aa edi\u00e7\u00e3o do Congresso de Estudos Sefarditas, entre 9 e 12 de Julho de 2024. Est\u00e1 aberto o prazo para a submiss\u00e3o de propostas.<\/p>\n<p>Prazo para submiss\u00f5es: 31 de Dezembro de 2023<br \/>\nO Congresso de Estudos Sefarditas \u00e9 um conhecido f\u00f3rum acad\u00e9mico internacional para investigadores e doutorandos na \u00e1rea de Estudos Sefarditas.<br \/>\nEst\u00e1 aberto o prazo para apresenta\u00e7\u00e3o de resumos para participar no Congresso. A participa\u00e7\u00e3o pode ser nas seguintes formas:<br \/>\n1) Comunica\u00e7\u00f5es originais e in\u00e9ditas que n\u00e3o excedam 20 minutos de dura\u00e7\u00e3o.<br \/>\n2) Apresenta\u00e7\u00f5es breves (n\u00e3o mais de 10 minutos) de projectos ou trabalhos de investiga\u00e7\u00e3o em curso (incluindo teses), recursos electr\u00f3nicos, publica\u00e7\u00f5es, etc.<br \/>\nUma modalidade n\u00e3o exclui a outra, mas em ambos os casos dever\u00e3o incidir sobre temas relativos \u00e0 L\u00edngua, \u00e0 Literatura, \u00e0 Hist\u00f3ria e \u00e0 Cultura dos judeus sefarditas na \u00e9poca posterior \u00e0 Expuls\u00e3o.<br \/>\nOs t\u00edtulos com os resumos das comunica\u00e7\u00f5es (250 palavras no m\u00e1ximo) devem ser enviados, em \u201cword\u201d, por correio electr\u00f3nico, para 22congressosefarditas@letras.ulisboa.pt at\u00e9 31 de Dezembro de 2023, indicando o nome, institui\u00e7\u00e3o acad\u00e9mica e dados de contacto e se a proposta \u00e9 para \u201ccomunica\u00e7\u00e3o original\u201d ou para \u201capresenta\u00e7\u00e3o breve\u201d.<br \/>\nO Congresso ter\u00e1 lugar entre os dias 9 a 12 de Julho de 2024 na Faculdade de Letras da Universidade de Lisboa (Portugal).<\/p>\n<p>Organiza\u00e7\u00e3o:<br \/>\nC\u00e1tedra de Estudos Sefarditas Alberto Benveniste da Faculdade de Letras da Universidade de Lisboa (Portugal)<br \/>\nSalti Institute for Ladino Studies, Bar-Ilan University (Israel)<br \/>\nCentro de Ciencias Humanas y Sociales del Consejo Superior de Investigaciones Cient\u00edficas (Madrid, Espanha)<\/p>\n<p>Comiss\u00e3o cient\u00edfica:<br \/>\nAitor Garc\u00eda Moreno, CSIC, Espanha<br \/>\nShmuel Refael, Bar-Ilan University, Israel<br \/>\nMaria de F\u00e1tima Reis, Universidade de Lisboa, Portugal (respons\u00e1vel pelo comit\u00e9 organizador)<\/p>\n<p class='attachment-link'><a href=\"https:\/\/catedra-alberto-benveniste.org\/wp-content\/uploads\/2024\/11\/Call_for_Papers_XXII_Congresso_de_Estudos_Sefarditas.pdf\" target=\"_blank\" rel=\"noopener\">Call_for_Papers_XXII_Congresso_de_Estudos_Sefarditas.pdf<\/a><\/p>\n","protected":false},"excerpt":{"rendered":"<p>A Faculdade de Letras da Universidade de Lisboa vai acolher a 22.\u00aa edi\u00e7\u00e3o do Congresso de Estudos Sefarditas, entre 9 e 12 de Julho de 2024. Est\u00e1 aberto o prazo para a submiss\u00e3o de propostas.<\/p>\n","protected":false},"author":1,"featured_media":8490,"comment_status":"open","ping_status":"open","sticky":false,"template":"","format":"standard","meta":{"footnotes":""},"categories":[49],"tags":[],"class_list":["post-9549","post","type-post","status-publish","format-standard","has-post-thumbnail","hentry","category-noticias-en"],"_links":{"self":[{"href":"https:\/\/catedra-alberto-benveniste.org\/en\/wp-json\/wp\/v2\/posts\/9549","targetHints":{"allow":["GET"]}}],"collection":[{"href":"https:\/\/catedra-alberto-benveniste.org\/en\/wp-json\/wp\/v2\/posts"}],"about":[{"href":"https:\/\/catedra-alberto-benveniste.org\/en\/wp-json\/wp\/v2\/types\/post"}],"author":[{"embeddable":true,"href":"https:\/\/catedra-alberto-benveniste.org\/en\/wp-json\/wp\/v2\/users\/1"}],"replies":[{"embeddable":true,"href":"https:\/\/catedra-alberto-benveniste.org\/en\/wp-json\/wp\/v2\/comments?post=9549"}],"version-history":[{"count":0,"href":"https:\/\/catedra-alberto-benveniste.org\/en\/wp-json\/wp\/v2\/posts\/9549\/revisions"}],"wp:featuredmedia":[{"embeddable":true,"href":"https:\/\/catedra-alberto-benveniste.org\/en\/wp-json\/wp\/v2\/media\/8490"}],"wp:attachment":[{"href":"https:\/\/catedra-alberto-benveniste.org\/en\/wp-json\/wp\/v2\/media?parent=9549"}],"wp:term":[{"taxonomy":"category","embeddable":true,"href":"https:\/\/catedra-alberto-benveniste.org\/en\/wp-json\/wp\/v2\/categories?post=9549"},{"taxonomy":"post_tag","embeddable":true,"href":"https:\/\/catedra-alberto-benveniste.org\/en\/wp-json\/wp\/v2\/tags?post=9549"}],"curies":[{"name":"wp","href":"https:\/\/api.w.org\/{rel}","templated":true}]}}