{"id":9548,"date":"2023-10-08T08:23:59","date_gmt":"2023-10-08T08:23:59","guid":{"rendered":"https:\/\/catedra-alberto-benveniste.org\/wsd-talks-8\/"},"modified":"2023-10-08T08:23:59","modified_gmt":"2023-10-08T08:23:59","slug":"wsd-talks-8","status":"publish","type":"post","link":"https:\/\/catedra-alberto-benveniste.org\/en\/wsd-talks-8\/","title":{"rendered":"WSD Talks #8"},"content":{"rendered":"<p>David Silvera, Ali Enginsoy e Ton Tielen (A Na\u00e7\u00e3o Hebraica project): &#8220;A Na\u00e7\u00e3o Hebraica: Uncovering the Treasures of the Early London Sephardic Community&#8221;<\/p>\n<p>13 Setembro, 18h00 (GMT) | Via Zoom<br \/>\nNo pr\u00f3ximo dia 13 de Setembro, as WSD Talks recebem a equipa de investigadores do projecto A Na\u00e7\u00e3o Hebraica, David Silvera, Ali Enginsoy e Ton Tielen, que nos ir\u00e3o dar a conhecer esta plataforma que visa divulgar e tornar mais acess\u00edvel documenta\u00e7\u00e3o das comunidades da di\u00e1spora sefardita atrav\u00e9s do recurso \u00e0s metodologias das Humanidades Digitais.<br \/>\nA sess\u00e3o ser\u00e1 online, via Zoom.<br \/>\nAcesso livre em:<br \/>\nhttps:\/\/videoconf-colibri.zoom.us\/j\/99901479146?pwd=RWlWL1VmcUJoSmhmYzN2QUZoZ2IxZz09<br \/>\nID da reuni\u00e3o: 999 0147 9146<br \/>\nSenha de acesso: 937968<\/p>\n","protected":false},"excerpt":{"rendered":"<p>David Silvera, Ali Enginsoy e Ton Tielen (A Na\u00e7\u00e3o Hebraica project): &#8220;A Na\u00e7\u00e3o Hebraica: Uncovering the Treasures of the Early London Sephardic Community&#8221;<\/p>\n","protected":false},"author":1,"featured_media":8907,"comment_status":"open","ping_status":"open","sticky":false,"template":"","format":"standard","meta":{"footnotes":""},"categories":[49],"tags":[],"class_list":["post-9548","post","type-post","status-publish","format-standard","has-post-thumbnail","hentry","category-noticias-en"],"_links":{"self":[{"href":"https:\/\/catedra-alberto-benveniste.org\/en\/wp-json\/wp\/v2\/posts\/9548","targetHints":{"allow":["GET"]}}],"collection":[{"href":"https:\/\/catedra-alberto-benveniste.org\/en\/wp-json\/wp\/v2\/posts"}],"about":[{"href":"https:\/\/catedra-alberto-benveniste.org\/en\/wp-json\/wp\/v2\/types\/post"}],"author":[{"embeddable":true,"href":"https:\/\/catedra-alberto-benveniste.org\/en\/wp-json\/wp\/v2\/users\/1"}],"replies":[{"embeddable":true,"href":"https:\/\/catedra-alberto-benveniste.org\/en\/wp-json\/wp\/v2\/comments?post=9548"}],"version-history":[{"count":0,"href":"https:\/\/catedra-alberto-benveniste.org\/en\/wp-json\/wp\/v2\/posts\/9548\/revisions"}],"wp:featuredmedia":[{"embeddable":true,"href":"https:\/\/catedra-alberto-benveniste.org\/en\/wp-json\/wp\/v2\/media\/8907"}],"wp:attachment":[{"href":"https:\/\/catedra-alberto-benveniste.org\/en\/wp-json\/wp\/v2\/media?parent=9548"}],"wp:term":[{"taxonomy":"category","embeddable":true,"href":"https:\/\/catedra-alberto-benveniste.org\/en\/wp-json\/wp\/v2\/categories?post=9548"},{"taxonomy":"post_tag","embeddable":true,"href":"https:\/\/catedra-alberto-benveniste.org\/en\/wp-json\/wp\/v2\/tags?post=9548"}],"curies":[{"name":"wp","href":"https:\/\/api.w.org\/{rel}","templated":true}]}}