{"id":9523,"date":"2025-02-08T14:57:14","date_gmt":"2025-02-08T14:57:14","guid":{"rendered":"https:\/\/catedra-alberto-benveniste.org\/cadernos-de-estudos-sefarditas-vol-20\/"},"modified":"2025-10-29T11:22:17","modified_gmt":"2025-10-29T11:22:17","slug":"cadernos-de-estudos-sefarditas-vol-20","status":"publish","type":"post","link":"https:\/\/catedra-alberto-benveniste.org\/en\/cadernos-de-estudos-sefarditas-vol-20\/","title":{"rendered":"Cadernos de Estudos Sefarditas vol. 20"},"content":{"rendered":"<p>Nota pr\u00e9via<\/p>\n<p>Parte I \u2013 Dossier: Judeo-Christian Sephardic and Iberian Identities. Guest editor: Claude B. Stuczynski <\/p>\n<p>Claude B. Stuczynski \u2013 Introduction: What does \u201cJudeo-Christianity\u201d mean in Late Medieval and Early Modern Iberia?<\/p>\n<p>Erika Tritle \u2013 Many Rivers, One Sea, and the Dry Land: Jews and Conversos in the Political Theology of Alonso de Cartagena<\/p>\n<p>Nadia Zeldes \u2013 Arguments for a Judeo-Christian Identity in the Writings of Antonio de Ferrariis: Pro-Converso Polemics in Southern Italy<\/p>\n<p>Axel Kaplan Szyld \u2013 Motivos judeo-cristianos en el pensamiento de Fray Luis de Granada (1504-1588)<\/p>\n<p>Ronnie Perelis \u2013 Turning and Turning Towards the Lord: Protestant Ideas and the Religious Journey of Manoel Cardoso de Macedo from Old Christian to Calvinist to Jew <\/p>\n<p>Alexander Van der Haven \u2013 Jewish-Christianity and the Confessionalization of Amsterdam\u2019s Seventeenth-Century Portuguese Jewish Community<\/p>\n<p>Parte II \u2013 Artigos<\/p>\n<p>Eleazar Gutwirth \u2013 Judeo-Mud\u00e9jar?: Identities, Letters and Numbers in Toledan Synagogues<\/p>\n<p>Marcus Vinicius Reis \u2013 \u201cPorque sabe que as mulheres s\u00e3o amigas de novidades e curiosidades\u201d: os g\u00e9neros de mulher feiticeira e de crist\u00e3-nova a partir do processo de Simoa de S\u00e3o Nicolau<\/p>\n<p>Hugo Martins \u2013 Os rabinos da comunidade judaico-portuguesa de Hamburgo entre 1652 e 1682<\/p>\n<p>Parte III \u2013 Recens\u00f5es<\/p>\n<p>Angelo Adriano Faria de Assis \u2013 Anita Novinsky, Viver nos tempos da Inquisi\u00e7\u00e3o, S\u00e3o Paulo, Perspectiva, 2018<\/p>\n<p>Carla Vieira e Susana Bastos Mateus \u2013 Jonathan Karp and Adam Sutcliffe, The Cambridge History of Judaism, vol. 7: The Early Modern World, 1500-1815, Cambridge, Cambridge University Press, 2018.<\/p>\n<p>Notas biogr\u00e1ficas<\/p>\n<p>Normas para a submiss\u00e3o de artigos<\/p>\n","protected":false},"excerpt":{"rendered":"<p>Nota pr\u00e9via Parte I \u2013 Dossier: Judeo-Christian Sephardic and Iberian Identities. Guest editor: Claude B. Stuczynski Claude B. Stuczynski \u2013 Introduction: What does \u201cJudeo-Christianity\u201d mean in Late Medieval and Early Modern Iberia? Erika Tritle \u2013 Many Rivers, One Sea, and the Dry Land: Jews and Conversos in the Political Theology of Alonso de Cartagena Nadia [&hellip;]<\/p>\n","protected":false},"author":1,"featured_media":8730,"comment_status":"open","ping_status":"open","sticky":false,"template":"single-with-form","format":"standard","meta":{"footnotes":""},"categories":[48],"tags":[],"class_list":["post-9523","post","type-post","status-publish","format-standard","has-post-thumbnail","hentry","category-cadernos-en"],"_links":{"self":[{"href":"https:\/\/catedra-alberto-benveniste.org\/en\/wp-json\/wp\/v2\/posts\/9523","targetHints":{"allow":["GET"]}}],"collection":[{"href":"https:\/\/catedra-alberto-benveniste.org\/en\/wp-json\/wp\/v2\/posts"}],"about":[{"href":"https:\/\/catedra-alberto-benveniste.org\/en\/wp-json\/wp\/v2\/types\/post"}],"author":[{"embeddable":true,"href":"https:\/\/catedra-alberto-benveniste.org\/en\/wp-json\/wp\/v2\/users\/1"}],"replies":[{"embeddable":true,"href":"https:\/\/catedra-alberto-benveniste.org\/en\/wp-json\/wp\/v2\/comments?post=9523"}],"version-history":[{"count":1,"href":"https:\/\/catedra-alberto-benveniste.org\/en\/wp-json\/wp\/v2\/posts\/9523\/revisions"}],"predecessor-version":[{"id":10561,"href":"https:\/\/catedra-alberto-benveniste.org\/en\/wp-json\/wp\/v2\/posts\/9523\/revisions\/10561"}],"wp:featuredmedia":[{"embeddable":true,"href":"https:\/\/catedra-alberto-benveniste.org\/en\/wp-json\/wp\/v2\/media\/8730"}],"wp:attachment":[{"href":"https:\/\/catedra-alberto-benveniste.org\/en\/wp-json\/wp\/v2\/media?parent=9523"}],"wp:term":[{"taxonomy":"category","embeddable":true,"href":"https:\/\/catedra-alberto-benveniste.org\/en\/wp-json\/wp\/v2\/categories?post=9523"},{"taxonomy":"post_tag","embeddable":true,"href":"https:\/\/catedra-alberto-benveniste.org\/en\/wp-json\/wp\/v2\/tags?post=9523"}],"curies":[{"name":"wp","href":"https:\/\/api.w.org\/{rel}","templated":true}]}}