{"id":9521,"date":"2024-12-30T14:57:14","date_gmt":"2024-12-30T14:57:14","guid":{"rendered":"https:\/\/catedra-alberto-benveniste.org\/cadernos-de-estudos-sefarditas-vol-18\/"},"modified":"2025-10-29T11:23:43","modified_gmt":"2025-10-29T11:23:43","slug":"cadernos-de-estudos-sefarditas-vol-18","status":"publish","type":"post","link":"https:\/\/catedra-alberto-benveniste.org\/en\/cadernos-de-estudos-sefarditas-vol-18\/","title":{"rendered":"Cadernos de Estudos Sefarditas vol. 18"},"content":{"rendered":"<p>Parte I \u2013 Artigos<\/p>\n<p>Los poemas in\u00e9ditos de Yehud\u00e1 Haim Perahi\u00e1 sobre el tema del Holocausto<br \/>\nSusy Gruss<\/p>\n<p>Uma aproxima\u00e7\u00e3o \u00e0 atividade liter\u00e1ria do Capit\u00e3o Barros Basto<br \/>\nDov Cohen<\/p>\n<p>Battesimi nascosti all\u2019ombra del ghetto. Sant\u2019Uffizio ed ebrei nello Stato pontificio della Restaurazione (1822-1825)<br \/>\nAndrea Cicerchia<\/p>\n<p>A vida e obra de Ribeiro Sanches. O Tratado da Conserva\u00e7\u00e3o da Sa\u00fade dos Povos<br \/>\nAm\u00e9lia Ricon-Ferraz<\/p>\n<p>Parte II &#8211; Cr\u00f3nicas e Entrevistas<\/p>\n<p>Col\u00f3quio Internacional de Estudos Inquisitoriais (In)toler\u00e2ncia, religi\u00e3o, poder e justi\u00e7a, Universidade Federal da Bahia, Salvador, 8 e 9 de Novembro de 2017<br \/>\nAna M. Santos Pereira<\/p>\n<p>Memorias, autobiograf\u00edas y versos de Fernando Pessoa. Una entrevista con la escritora mexicana Rosa Niss\u00e1n<br \/>\nSusana Bastos Mateus<\/p>\n<p>Parte III &#8211; Recens\u00f5es<\/p>\n<p>Angelo Adriano Faria de Assis, Pollyanna Gouveia Mendon\u00e7a Muniz e Yllan de Mattos, Um historiador por seus pares: trajet\u00f3rias de Ronaldo Vainfas, S\u00e3o Paulo, Alameda, 2017.<br \/>\nJaime Ricardo Gouveia<\/p>\n<p>Carsten L. Wilke, The Marrakesh Dialogues: A Gospel Critique and Jewish Apology from the Spanish Renaissance, Leiden, Brill, 2014.<br \/>\nCarla Vieira<\/p>\n<p>Joseph Shatzmiller, Cultural Exchange: Jews, Christians, and Art in the Medieval Marketplace, Princeton, Princeton University Press, 2017.<br \/>\nSusana Bastos Mateus<\/p>\n<p>Anita Gonzalez-Raymond e Rafael Carrasco (ed.), Las razones del Santo Oficio, Montpellier, Presses Universitaires de la M\u00e9diterran\u00e9e, 2017.<br \/>\nMiguel Rodrigues Louren\u00e7o<\/p>\n","protected":false},"excerpt":{"rendered":"<p>Parte I \u2013 Artigos Los poemas in\u00e9ditos de Yehud\u00e1 Haim Perahi\u00e1 sobre el tema del Holocausto Susy Gruss Uma aproxima\u00e7\u00e3o \u00e0 atividade liter\u00e1ria do Capit\u00e3o Barros Basto Dov Cohen Battesimi nascosti all\u2019ombra del ghetto. Sant\u2019Uffizio ed ebrei nello Stato pontificio della Restaurazione (1822-1825) Andrea Cicerchia A vida e obra de Ribeiro Sanches. O Tratado da [&hellip;]<\/p>\n","protected":false},"author":1,"featured_media":8728,"comment_status":"open","ping_status":"open","sticky":false,"template":"single-with-form","format":"standard","meta":{"footnotes":""},"categories":[48],"tags":[],"class_list":["post-9521","post","type-post","status-publish","format-standard","has-post-thumbnail","hentry","category-cadernos-en"],"_links":{"self":[{"href":"https:\/\/catedra-alberto-benveniste.org\/en\/wp-json\/wp\/v2\/posts\/9521","targetHints":{"allow":["GET"]}}],"collection":[{"href":"https:\/\/catedra-alberto-benveniste.org\/en\/wp-json\/wp\/v2\/posts"}],"about":[{"href":"https:\/\/catedra-alberto-benveniste.org\/en\/wp-json\/wp\/v2\/types\/post"}],"author":[{"embeddable":true,"href":"https:\/\/catedra-alberto-benveniste.org\/en\/wp-json\/wp\/v2\/users\/1"}],"replies":[{"embeddable":true,"href":"https:\/\/catedra-alberto-benveniste.org\/en\/wp-json\/wp\/v2\/comments?post=9521"}],"version-history":[{"count":1,"href":"https:\/\/catedra-alberto-benveniste.org\/en\/wp-json\/wp\/v2\/posts\/9521\/revisions"}],"predecessor-version":[{"id":10563,"href":"https:\/\/catedra-alberto-benveniste.org\/en\/wp-json\/wp\/v2\/posts\/9521\/revisions\/10563"}],"wp:featuredmedia":[{"embeddable":true,"href":"https:\/\/catedra-alberto-benveniste.org\/en\/wp-json\/wp\/v2\/media\/8728"}],"wp:attachment":[{"href":"https:\/\/catedra-alberto-benveniste.org\/en\/wp-json\/wp\/v2\/media?parent=9521"}],"wp:term":[{"taxonomy":"category","embeddable":true,"href":"https:\/\/catedra-alberto-benveniste.org\/en\/wp-json\/wp\/v2\/categories?post=9521"},{"taxonomy":"post_tag","embeddable":true,"href":"https:\/\/catedra-alberto-benveniste.org\/en\/wp-json\/wp\/v2\/tags?post=9521"}],"curies":[{"name":"wp","href":"https:\/\/api.w.org\/{rel}","templated":true}]}}