{"id":9509,"date":"2024-11-14T20:16:25","date_gmt":"2024-11-14T20:16:25","guid":{"rendered":"https:\/\/catedra-alberto-benveniste.org\/estudos-de-historia-financas-e-mentalidades\/"},"modified":"2024-11-14T20:16:25","modified_gmt":"2024-11-14T20:16:25","slug":"estudos-de-historia-financas-e-mentalidades","status":"publish","type":"post","link":"https:\/\/catedra-alberto-benveniste.org\/en\/estudos-de-historia-financas-e-mentalidades\/","title":{"rendered":"Estudos de Hist\u00f3ria &#8211; Finan\u00e7as e Mentalidades"},"content":{"rendered":"<p class=\"destaqueDescricao\">Sinais Gravados Noutros Sinais ou Hist\u00f3ria e Legibilidade do Mundo. Um Discurso a Dois Tempos com Mudan\u00e7a de Paradigma&#8230;&#8230;&#8230;&#8230;..11<\/p>\n<p>O zang\u00e3o e o mel. Uma met\u00e1fora sobre a di\u00e1spora sefardita e a forma\u00e7\u00e3o das elites financeiras na Europa (s\u00e9c. XV-XVII)&#8230;&#8230;&#8230;&#8230;..29<\/p>\n<p>D\u00edvida P\u00fablica, Dinheiro e Cr\u00e9dito no financiamento das armadas da \u00cdndia entre 1580 e 1640&#8230;&#8230;&#8230;&#8230;&#8230;&#8230;&#8230;&#8230;&#8230;&#8230;47<\/p>\n<p>Pedro Nunes e a forma\u00e7\u00e3o dos conceitos na Ci\u00eancia das Descobertas&#8230;&#8230;&#8230;&#8230;&#8230;&#8230;&#8230;&#8230;&#8230;&#8230;&#8230;. 61<\/p>\n<p>Inova\u00e7\u00e3o e resist\u00eancia na pr\u00e1tica cient\u00edfica no Portugal das Descobertas&#8230;&#8230;&#8230;&#8230;&#8230;&#8230;&#8230;&#8230;&#8230;&#8230;&#8230;&#8230;.71<\/p>\n<p>Recep\u00e7\u00e3o e Difus\u00e3o da Informa\u00e7\u00e3o Cient\u00edfica no Portugal Quatrocentista. Algumas Quest\u00f5es de M\u00e9todo&#8230;&#8230;&#8230;&#8230;&#8230;&#8230;&#8230;&#8230;..85<\/p>\n<p>Algumas quest\u00f5es sobre a matematiza\u00e7\u00e3o da Hist\u00f3ria. Certezas provis\u00f3rias e equ\u00edvocos constantes&#8230;&#8230;&#8230;&#8230;&#8230;&#8230;&#8230;&#8230;&#8230;.95<\/p>\n<p>A Evolu\u00e7\u00e3o da Economia Portuguesa de 1450 a 1550&#8230;&#8230;&#8230;&#8230;&#8230;&#8230;&#8230;&#8230;..113<\/p>\n<p>Aritmetiza\u00e7\u00e3o do Real na Sociedade Portuguesa (s\u00e9culos XVI-XVII)&#8230;&#8230;&#8230;&#8230;&#8230;&#8230;&#8230;&#8230;&#8230;&#8230;&#8230;.131<\/p>\n<p>O Perd\u00e3o Geral de 1605&#8230;&#8230;&#8230;&#8230;&#8230;&#8230;&#8230;&#8230;&#8230;&#8230;&#8230;&#8230;&#8230;&#8230;149<\/p>\n<p>A Aritm\u00e9tica Comercial em Portugal nos S\u00e9culos XVI e XVII&#8230;&#8230;&#8230;&#8230;&#8230;&#8230;&#8230;&#8230;&#8230;&#8230;&#8230;&#8230;163<\/p>\n<p>O uso da numera\u00e7\u00e3o escrita e falada em fontes documentais portuguesas dos s\u00e9culos XVI e XVII&#8230;&#8230;&#8230;&#8230;&#8230;&#8230;&#8230;&#8230;&#8230;&#8230;&#8230;&#8230;&#8230;201<\/p>\n<p>Colabora\u00e7\u00e3o no Dicion\u00e1rio de Hist\u00f3ria dos Descobrimentos Portugueses&#8230;&#8230;&#8230;&#8230;&#8230;&#8230;&#8230;&#8230;&#8230;&#8230;..233<\/p>\n<hr class=\"separador\" \/>\n<h3 class=\"destaqueSubtitulo\">Ant\u00f3nio Augusto Marques de Almeida<\/h3>\n","protected":false},"excerpt":{"rendered":"<p>Sinais Gravados Noutros Sinais ou Hist\u00f3ria e Legibilidade do Mundo. Um Discurso a Dois Tempos com Mudan\u00e7a de Paradigma&#8230;&#8230;&#8230;&#8230;..11 O zang\u00e3o e o mel. Uma met\u00e1fora sobre a di\u00e1spora sefardita e a forma\u00e7\u00e3o das elites financeiras na Europa (s\u00e9c. XV-XVII)&#8230;&#8230;&#8230;&#8230;..29 D\u00edvida P\u00fablica, Dinheiro e Cr\u00e9dito no financiamento das armadas da \u00cdndia entre 1580 e 1640&#8230;&#8230;&#8230;&#8230;&#8230;&#8230;&#8230;&#8230;&#8230;&#8230;47 [&hellip;]<\/p>\n","protected":false},"author":3,"featured_media":8935,"comment_status":"open","ping_status":"open","sticky":false,"template":"single-with-form","format":"standard","meta":{"footnotes":""},"categories":[46],"tags":[],"class_list":["post-9509","post","type-post","status-publish","format-standard","has-post-thumbnail","hentry","category-outras-edicoes-en"],"_links":{"self":[{"href":"https:\/\/catedra-alberto-benveniste.org\/en\/wp-json\/wp\/v2\/posts\/9509","targetHints":{"allow":["GET"]}}],"collection":[{"href":"https:\/\/catedra-alberto-benveniste.org\/en\/wp-json\/wp\/v2\/posts"}],"about":[{"href":"https:\/\/catedra-alberto-benveniste.org\/en\/wp-json\/wp\/v2\/types\/post"}],"author":[{"embeddable":true,"href":"https:\/\/catedra-alberto-benveniste.org\/en\/wp-json\/wp\/v2\/users\/3"}],"replies":[{"embeddable":true,"href":"https:\/\/catedra-alberto-benveniste.org\/en\/wp-json\/wp\/v2\/comments?post=9509"}],"version-history":[{"count":0,"href":"https:\/\/catedra-alberto-benveniste.org\/en\/wp-json\/wp\/v2\/posts\/9509\/revisions"}],"wp:featuredmedia":[{"embeddable":true,"href":"https:\/\/catedra-alberto-benveniste.org\/en\/wp-json\/wp\/v2\/media\/8935"}],"wp:attachment":[{"href":"https:\/\/catedra-alberto-benveniste.org\/en\/wp-json\/wp\/v2\/media?parent=9509"}],"wp:term":[{"taxonomy":"category","embeddable":true,"href":"https:\/\/catedra-alberto-benveniste.org\/en\/wp-json\/wp\/v2\/categories?post=9509"},{"taxonomy":"post_tag","embeddable":true,"href":"https:\/\/catedra-alberto-benveniste.org\/en\/wp-json\/wp\/v2\/tags?post=9509"}],"curies":[{"name":"wp","href":"https:\/\/api.w.org\/{rel}","templated":true}]}}