{"id":9504,"date":"2025-10-29T17:29:51","date_gmt":"2025-10-29T17:29:51","guid":{"rendered":"https:\/\/catedra-alberto-benveniste.org\/garcia-de-orta-ciencia-religiao-e-cultura\/"},"modified":"2025-10-29T18:41:26","modified_gmt":"2025-10-29T18:41:26","slug":"garcia-de-orta-ciencia-religiao-e-cultura","status":"publish","type":"post","link":"https:\/\/catedra-alberto-benveniste.org\/en\/garcia-de-orta-ciencia-religiao-e-cultura\/","title":{"rendered":"Garcia de Orta: Ci\u00eancia, Religi\u00e3o e Cultura"},"content":{"rendered":"<p class=\"destaqueDescricao\">\u00cdndice:<\/p>\n<p>Apresenta\u00e7\u00e3o \u2013 Maria de F\u00e1tima Reis<\/p>\n<p>O Estado da \u00cdndia ao tempo de Garcia de Orta \u2013 V\u00edtor Lu\u00eds Gaspar Rodrigues<\/p>\n<p>A Inquisi\u00e7\u00e3o de Goa e a fam\u00edlia de Garcia de Orta \u2013 Miguel Rodrigues Louren\u00e7o<\/p>\n<p>Algumas notas sobre os herdeiros intelectuais de Garcia de Orta (1563-1596): Clusius, Fragoso, Costa e Linschoten \u2013 Rui Manuel Loureiro<\/p>\n<p>Diosc\u00f3rides (e os seus debuxos) na biblioteca de Garcia de Orta \u2013 Carlos A. Martins de Jesus<\/p>\n<p>\u201cErrores\u2026 que dan enfado al que los lee\u201d. Algumas considera\u00e7\u00f5es em torno da errata de Coloquios dos Simples (Goa, 1563) de Garcia de Orta \u2013 Teresa Nobre de Carvalho<\/p>\n<hr class=\"separador\" \/>\n<h3 class=\"destaqueSubtitulo\">Lu\u00eds Filipe Barreto e Maria de F\u00e1tima Reis (eds.)<\/h3>\n","protected":false},"excerpt":{"rendered":"<p>\u00cdndice: Apresenta\u00e7\u00e3o \u2013 Maria de F\u00e1tima Reis O Estado da \u00cdndia ao tempo de Garcia de Orta \u2013 V\u00edtor Lu\u00eds Gaspar Rodrigues A Inquisi\u00e7\u00e3o de Goa e a fam\u00edlia de Garcia de Orta \u2013 Miguel Rodrigues Louren\u00e7o Algumas notas sobre os herdeiros intelectuais de Garcia de Orta (1563-1596): Clusius, Fragoso, Costa e Linschoten \u2013 Rui [&hellip;]<\/p>\n","protected":false},"author":3,"featured_media":8919,"comment_status":"open","ping_status":"open","sticky":false,"template":"single-with-form","format":"standard","meta":{"footnotes":""},"categories":[44],"tags":[],"class_list":["post-9504","post","type-post","status-publish","format-standard","has-post-thumbnail","hentry","category-monographic-series"],"_links":{"self":[{"href":"https:\/\/catedra-alberto-benveniste.org\/en\/wp-json\/wp\/v2\/posts\/9504","targetHints":{"allow":["GET"]}}],"collection":[{"href":"https:\/\/catedra-alberto-benveniste.org\/en\/wp-json\/wp\/v2\/posts"}],"about":[{"href":"https:\/\/catedra-alberto-benveniste.org\/en\/wp-json\/wp\/v2\/types\/post"}],"author":[{"embeddable":true,"href":"https:\/\/catedra-alberto-benveniste.org\/en\/wp-json\/wp\/v2\/users\/3"}],"replies":[{"embeddable":true,"href":"https:\/\/catedra-alberto-benveniste.org\/en\/wp-json\/wp\/v2\/comments?post=9504"}],"version-history":[{"count":1,"href":"https:\/\/catedra-alberto-benveniste.org\/en\/wp-json\/wp\/v2\/posts\/9504\/revisions"}],"predecessor-version":[{"id":10939,"href":"https:\/\/catedra-alberto-benveniste.org\/en\/wp-json\/wp\/v2\/posts\/9504\/revisions\/10939"}],"wp:featuredmedia":[{"embeddable":true,"href":"https:\/\/catedra-alberto-benveniste.org\/en\/wp-json\/wp\/v2\/media\/8919"}],"wp:attachment":[{"href":"https:\/\/catedra-alberto-benveniste.org\/en\/wp-json\/wp\/v2\/media?parent=9504"}],"wp:term":[{"taxonomy":"category","embeddable":true,"href":"https:\/\/catedra-alberto-benveniste.org\/en\/wp-json\/wp\/v2\/categories?post=9504"},{"taxonomy":"post_tag","embeddable":true,"href":"https:\/\/catedra-alberto-benveniste.org\/en\/wp-json\/wp\/v2\/tags?post=9504"}],"curies":[{"name":"wp","href":"https:\/\/api.w.org\/{rel}","templated":true}]}}