{"id":9503,"date":"2025-10-14T20:54:37","date_gmt":"2025-10-14T20:54:37","guid":{"rendered":"https:\/\/catedra-alberto-benveniste.org\/historia-dos-trabalhos-da-sem-ventura-isea-natural-da-cidade-de-efeso-e-dos-amores-de-clareo-e-florisea\/"},"modified":"2025-10-29T18:41:42","modified_gmt":"2025-10-29T18:41:42","slug":"historia-dos-trabalhos-da-sem-ventura-isea-natural-da-cidade-de-efeso-e-dos-amores-de-clareo-e-florisea","status":"publish","type":"post","link":"https:\/\/catedra-alberto-benveniste.org\/en\/historia-dos-trabalhos-da-sem-ventura-isea-natural-da-cidade-de-efeso-e-dos-amores-de-clareo-e-florisea\/","title":{"rendered":"Hist\u00f3ria dos trabalhos da sem-ventura Isea natural da cidade de \u00c9feso e dos amores de Clareo e Florisea"},"content":{"rendered":"<p>Introdu\u00e7\u00e3o de M. \u00c1. Teijeiro Fuentes. Edi\u00e7\u00e3o e notas de J. Carrasco Gonz\u00e1lez<\/p>\n","protected":false},"excerpt":{"rendered":"<p>Introdu\u00e7\u00e3o de M. \u00c1. Teijeiro Fuentes. Edi\u00e7\u00e3o e notas de J. Carrasco Gonz\u00e1lez<\/p>\n","protected":false},"author":3,"featured_media":8920,"comment_status":"open","ping_status":"open","sticky":false,"template":"single-with-form","format":"standard","meta":{"footnotes":""},"categories":[44],"tags":[],"class_list":["post-9503","post","type-post","status-publish","format-standard","has-post-thumbnail","hentry","category-monographic-series"],"_links":{"self":[{"href":"https:\/\/catedra-alberto-benveniste.org\/en\/wp-json\/wp\/v2\/posts\/9503","targetHints":{"allow":["GET"]}}],"collection":[{"href":"https:\/\/catedra-alberto-benveniste.org\/en\/wp-json\/wp\/v2\/posts"}],"about":[{"href":"https:\/\/catedra-alberto-benveniste.org\/en\/wp-json\/wp\/v2\/types\/post"}],"author":[{"embeddable":true,"href":"https:\/\/catedra-alberto-benveniste.org\/en\/wp-json\/wp\/v2\/users\/3"}],"replies":[{"embeddable":true,"href":"https:\/\/catedra-alberto-benveniste.org\/en\/wp-json\/wp\/v2\/comments?post=9503"}],"version-history":[{"count":1,"href":"https:\/\/catedra-alberto-benveniste.org\/en\/wp-json\/wp\/v2\/posts\/9503\/revisions"}],"predecessor-version":[{"id":10940,"href":"https:\/\/catedra-alberto-benveniste.org\/en\/wp-json\/wp\/v2\/posts\/9503\/revisions\/10940"}],"wp:featuredmedia":[{"embeddable":true,"href":"https:\/\/catedra-alberto-benveniste.org\/en\/wp-json\/wp\/v2\/media\/8920"}],"wp:attachment":[{"href":"https:\/\/catedra-alberto-benveniste.org\/en\/wp-json\/wp\/v2\/media?parent=9503"}],"wp:term":[{"taxonomy":"category","embeddable":true,"href":"https:\/\/catedra-alberto-benveniste.org\/en\/wp-json\/wp\/v2\/categories?post=9503"},{"taxonomy":"post_tag","embeddable":true,"href":"https:\/\/catedra-alberto-benveniste.org\/en\/wp-json\/wp\/v2\/tags?post=9503"}],"curies":[{"name":"wp","href":"https:\/\/api.w.org\/{rel}","templated":true}]}}