{"id":9502,"date":"2025-10-10T20:56:18","date_gmt":"2025-10-10T20:56:18","guid":{"rendered":"https:\/\/catedra-alberto-benveniste.org\/scrigni-della-memoria-arquivos-e-fundos-documentais-para-o-estudo-das-relacoes-luso-italianas\/"},"modified":"2025-10-29T18:43:02","modified_gmt":"2025-10-29T18:43:02","slug":"scrigni-della-memoria-arquivos-e-fundos-documentais-para-o-estudo-das-relacoes-luso-italianas","status":"publish","type":"post","link":"https:\/\/catedra-alberto-benveniste.org\/en\/scrigni-della-memoria-arquivos-e-fundos-documentais-para-o-estudo-das-relacoes-luso-italianas\/","title":{"rendered":"Scrigni della memoria. Arquivos e Fundos Documentais para o estudo das Rela\u00e7\u00f5es Luso-Italianas"},"content":{"rendered":"<p class=\"destaqueDescricao\">Pref\u00e1cio \u2013 Maria de Lurdes Rosa<br \/>\nIntrodu\u00e7\u00e3o \u2013 Nunziatella Alessandrini, Susana Bastos Mateus, Mariagrazia Russo, Gaetano Sabatini<\/p>\n<p>Parte I \u2013 Arquivos eclesi\u00e1sticos e arquivos de fam\u00edlia<\/p>\n<p>Nunziatella Alessandrini, L\u2019archivio della Chiesa di Nostra Signora di Loreto della Nazione Italiana a Lisbona<br \/>\nLu\u00edsa Colen, Duas igrejas, dois povos, uma hist\u00f3ria comum: Mem\u00f3rias da presen\u00e7a italiana no arquivo da Igreja da Encarna\u00e7\u00e3o<br \/>\nFrancisco de Almeida Dias, Monsenhor Jos\u00e9 De Castro &#8211; A Hist\u00f3ria De Portugal Em Roma<br \/>\nIrene Fosi, Una famiglia romana e il Portogallo nel Seicento: note e documenti dall\u2019Archivio Orsini<br \/>\nTiago Henriques e Miguel Ribeiro Pedras, It\u00e1lia e o Arquivo da Casa de Louri\u00e7al: personagens e colec\u00e7\u00f5es num arquivo de fam\u00edlia<br \/>\nRui Mendes, C\u00e2mara Eclesi\u00e1stica De Lisboa: Contributos para o estudo da presen\u00e7a dos italianos e fam\u00edlias de origem italiana na regi\u00e3o de Lisboa (s\u00e9culos XVI, XVII e XVIII)<br \/>\nLu\u00edz Saldanha Lopes, O Arquivo da Real e Vener\u00e1vel Irmandade do Sant\u00edssimo Sacramento da Par\u00f3quia de Santo Andr\u00e9 de Mafra e os Artistas Italianos na Real Obra<\/p>\n<p>Parte II \u2013 Arquivos e Bibliotecas Nacionais<\/p>\n<p>Carmine Cassino, Para um estudo dos Italianos em Portugal nos arquivos de Lisboa e N\u00e1poles (primeira metade do s\u00e9culo XIX)<br \/>\nGon\u00e7alo Nem\u00e9sio, Os Sum\u00e1rios Matrimoniais da C\u00e2mara Eclesi\u00e1stica de Lisboa (C.E.L.) e o Registo Geral de Testamentos (R.G.T.) (I.A.N. \/T.T.). Fontes para o estudo dos italianos que passaram a Portugal<br \/>\nPedro Pinto, A \u201cIt\u00e1lia\u201d e os italianos nos fundos manuscritos da Biblioteca Nacional de Portugal: uma aproxima\u00e7\u00e3o<br \/>\nMariagrazia Russo, Um percurso atrav\u00e9s dos manuscritos de interesse para a cultura portuguesa nos fundos da Biblioteca Nazionale Centrale \u201cVittorio Emanuele II\u201d de Roma<\/p>\n<hr class=\"separador\" \/>\n<h3 class=\"destaqueSubtitulo\">Nunziatella Alessandrini, Susana Bastos Mateus, Mariagrazia Russo, Gaetano Sabatini (orgs)<\/h3>\n","protected":false},"excerpt":{"rendered":"<p>Pref\u00e1cio \u2013 Maria de Lurdes Rosa Introdu\u00e7\u00e3o \u2013 Nunziatella Alessandrini, Susana Bastos Mateus, Mariagrazia Russo, Gaetano Sabatini Parte I \u2013 Arquivos eclesi\u00e1sticos e arquivos de fam\u00edlia Nunziatella Alessandrini, L\u2019archivio della Chiesa di Nostra Signora di Loreto della Nazione Italiana a Lisbona Lu\u00edsa Colen, Duas igrejas, dois povos, uma hist\u00f3ria comum: Mem\u00f3rias da presen\u00e7a italiana no [&hellip;]<\/p>\n","protected":false},"author":3,"featured_media":8921,"comment_status":"open","ping_status":"open","sticky":false,"template":"single-with-form","format":"standard","meta":{"footnotes":""},"categories":[44],"tags":[],"class_list":["post-9502","post","type-post","status-publish","format-standard","has-post-thumbnail","hentry","category-monographic-series"],"_links":{"self":[{"href":"https:\/\/catedra-alberto-benveniste.org\/en\/wp-json\/wp\/v2\/posts\/9502","targetHints":{"allow":["GET"]}}],"collection":[{"href":"https:\/\/catedra-alberto-benveniste.org\/en\/wp-json\/wp\/v2\/posts"}],"about":[{"href":"https:\/\/catedra-alberto-benveniste.org\/en\/wp-json\/wp\/v2\/types\/post"}],"author":[{"embeddable":true,"href":"https:\/\/catedra-alberto-benveniste.org\/en\/wp-json\/wp\/v2\/users\/3"}],"replies":[{"embeddable":true,"href":"https:\/\/catedra-alberto-benveniste.org\/en\/wp-json\/wp\/v2\/comments?post=9502"}],"version-history":[{"count":1,"href":"https:\/\/catedra-alberto-benveniste.org\/en\/wp-json\/wp\/v2\/posts\/9502\/revisions"}],"predecessor-version":[{"id":10941,"href":"https:\/\/catedra-alberto-benveniste.org\/en\/wp-json\/wp\/v2\/posts\/9502\/revisions\/10941"}],"wp:featuredmedia":[{"embeddable":true,"href":"https:\/\/catedra-alberto-benveniste.org\/en\/wp-json\/wp\/v2\/media\/8921"}],"wp:attachment":[{"href":"https:\/\/catedra-alberto-benveniste.org\/en\/wp-json\/wp\/v2\/media?parent=9502"}],"wp:term":[{"taxonomy":"category","embeddable":true,"href":"https:\/\/catedra-alberto-benveniste.org\/en\/wp-json\/wp\/v2\/categories?post=9502"},{"taxonomy":"post_tag","embeddable":true,"href":"https:\/\/catedra-alberto-benveniste.org\/en\/wp-json\/wp\/v2\/tags?post=9502"}],"curies":[{"name":"wp","href":"https:\/\/api.w.org\/{rel}","templated":true}]}}