{"id":9500,"date":"2025-10-06T21:00:30","date_gmt":"2025-10-06T21:00:30","guid":{"rendered":"https:\/\/catedra-alberto-benveniste.org\/con-gran-mare-e-fortuna-circulacao-de-mercadorias-pessoas-e-ideias-entre-portugal-e-italia-na-epoca-moderna-2\/"},"modified":"2025-10-29T18:43:21","modified_gmt":"2025-10-29T18:43:21","slug":"con-gran-mare-e-fortuna-circulacao-de-mercadorias-pessoas-e-ideias-entre-portugal-e-italia-na-epoca-moderna-2","status":"publish","type":"post","link":"https:\/\/catedra-alberto-benveniste.org\/en\/con-gran-mare-e-fortuna-circulacao-de-mercadorias-pessoas-e-ideias-entre-portugal-e-italia-na-epoca-moderna-2\/","title":{"rendered":"Con gran mare e fortuna. Circula\u00e7\u00e3o de mercadorias, pessoas e ideias entre Portugal e It\u00e1lia na \u00c9poca Moderna"},"content":{"rendered":"<p class=\"destaqueDescricao\">Pref\u00e1cio, por Marco Spallanzani<\/p>\n<p>Introdu\u00e7\u00e3o, por Nunziatella Alessandrini, Susana Bastos Mateus, Mariagrazia Russo e Gaetano Sabatini<\/p>\n<p>I parte: Circula\u00e7\u00e3o de mercadorias<\/p>\n<p>&#8211; Joana Sequeira<br \/>\nMichele da Colle: um mercador pisano em Lisboa no s\u00e9culo XV<\/p>\n<p>&#8211; Pedro Flor<br \/>\nThe importation of Italian sculptures to Portugal: the case of the Della Robbia<\/p>\n<p>&#8211; Ana Isabel Buescu<br \/>\nO dote de uma infanta: o caso de Beatriz de Portugal (1504-1538), duquesa de Sab\u00f3ia. Entre opul\u00eancia e quotidiano<\/p>\n<p>&#8211; Teresa Leonor M. Vale<br \/>\nDe Roma para Lisboa no s\u00e9culo XVIII. Aspectos espec\u00edficos de uma viagem: a embalagem e o acondicionamento das obras de arte<\/p>\n<p>&#8211; M\u00e1rio Henriques Z. Cabe\u00e7as<br \/>\nA importa\u00e7\u00e3o de arte italiana em Portugal no tempo de D. Jo\u00e3o V: atribui\u00e7\u00e3o da tela da Assun\u00e7\u00e3o da Virgem do altar-mor da S\u00e9 de Elvas ao pintor Lorenzo Gramiccia (1702-1795)<\/p>\n<p>II parte: Circula\u00e7\u00e3o de pessoas<\/p>\n<p>&#8211; Susana Bastos Mateus<br \/>\n&#8220;Son diventati miei sudditi&#8221;. Crist\u00e3os-novos portugueses entre Lisboa e Floren\u00e7a: o caso da fam\u00edlia Ximenes de Arag\u00e3o (s\u00e9cs. XVI- XVII)<\/p>\n<p>&#8211; Nunziatella Alessandrini<br \/>\nCarlo Antonio Paggi a Lisbona (1656-1666). Un approccio allo studio della relazioni diplomatiche fra Genova e il Portogallo<\/p>\n<p>&#8211; Francisco Zamora Rodriguez<br \/>\nFlorentinos em Lisboa e a sua intermedia\u00e7\u00e3o nos cargos eclesi\u00e1sticos portugueses nos finais do s\u00e9culo XVII<\/p>\n<p>&#8211; Marcella Aglietti<br \/>\nCircolazione delle \u00e9lites tra Portogallo e Toscana nel secolo XVIII: modelli a confronto<\/p>\n<p>III parte: Circula\u00e7\u00e3o de ideias<\/p>\n<p>&#8211; Mariagrazia Russo<br \/>\nOficinas de tradu\u00e7\u00e3o no s\u00e9culo XVI entre Roma e Lisboa<\/p>\n<p>&#8211; Isabel Drumond Braga<br \/>\nOs Italianos e a Inquisi\u00e7\u00e3o Portuguesa: os Homens, as Ideias e as Mercadorias (s\u00e9culos XVI-XVII)<\/p>\n<p>&#8211; Giuseppina Raggi<br \/>\n&#8220;Se padre Pozzi fosse all&#8217;Indie&#8221;. Filippo Terzi a Andrea Pozzo: antecedentes da afei\u00e7\u00e3o da cultura portuguesa pela quadratura<\/p>\n<p>&#8211; Gaetano Sabatini<br \/>\nCircolazione di idee e progetti di riforma economica tra Lisbona e Napoli al principio del XVII secolo<\/p>\n<hr class=\"separador\" \/>\n<h3 class=\"destaqueSubtitulo\">Nunziatella Alessandrini, Susana Bastos Mateus, Mariagrazia Russo, Gaetano Sabatini (orgs.). Marco Spallanzani (pref.)<\/h3>\n<p class=\"destaqueDescricao\">O presente volume, o 3.\u00ba num percurso que quer aprofundar o estudo das rela\u00e7\u00f5es luso-italianas nos s\u00e9culos XV-XVIII nas suas vertentes mais abrangentes, surge assinalado por duas palavras, Mar e Fortuna, nas suas acep\u00e7\u00f5es de for\u00e7a e, ao mesmo tempo, de fraqueza e de limita\u00e7\u00e3o. A extens\u00e3o oce\u00e2nica dos dom\u00ednios castelhanos e portugueses, nos finais do s\u00e9culo XV, ampliou o espa\u00e7o de interven\u00e7\u00e3o das monarquias ib\u00e9ricas \u00e0 \u00c1frica, \u00e0 Am\u00e9rica e \u00e0 \u00c1sia, e o mar, elemento geogr\u00e1fico que marca o avan\u00e7o econ\u00f3mico europeu, determina a import\u00e2ncia das cidades portu\u00e1rias localizadas ao longo das costas atl\u00e2nticas e mediterr\u00e2nicas que, a partir da segunda metade do s\u00e9culo XVI, se tornam p\u00f3los de atrac\u00e7\u00e3o para as actividades de operadores comerciais oriundos de v\u00e1rias partes da Europa. Recentemente surgiram importantes contributos historiogr\u00e1ficos no que diz respeito ao conhecimento das transac\u00e7\u00f5es comerciais e \u00e0 circula\u00e7\u00e3o de mercadorias entre a It\u00e1lia e Portugal, resultando num quadro extremamente rico sobre os mercados europeus. Por outro lado, tem sido destacada a ampla circula\u00e7\u00e3o de indiv\u00edduos que acompanham estas movimenta\u00e7\u00f5es, n\u00e3o apenas os mercadores mas tamb\u00e9m outros grupos, como os eclesi\u00e1sticos ou os agentes diplom\u00e1ticos. Estes indiv\u00edduos levavam consigo mercadorias &#8211; muitas delas oriundas dos distantes espa\u00e7os geogr\u00e1ficos que compunham os imp\u00e9rios ib\u00e9ricos &#8211; e tamb\u00e9m ideias. Assim, circulavam diferentes gostos, diferentes sensibilidades religiosas e culturais, not\u00edcias e novidades de todo o tipo, teorias pol\u00edticas e econ\u00f3micas, que concorriam para a cria\u00e7\u00e3o de um universo intelectual mais complexo e poliss\u00e9mico.<\/p>\n","protected":false},"excerpt":{"rendered":"<p>Pref\u00e1cio, por Marco Spallanzani Introdu\u00e7\u00e3o, por Nunziatella Alessandrini, Susana Bastos Mateus, Mariagrazia Russo e Gaetano Sabatini I parte: Circula\u00e7\u00e3o de mercadorias &#8211; Joana Sequeira Michele da Colle: um mercador pisano em Lisboa no s\u00e9culo XV &#8211; Pedro Flor The importation of Italian sculptures to Portugal: the case of the Della Robbia &#8211; Ana Isabel Buescu [&hellip;]<\/p>\n","protected":false},"author":3,"featured_media":8922,"comment_status":"open","ping_status":"open","sticky":false,"template":"single-with-form","format":"standard","meta":{"footnotes":""},"categories":[44],"tags":[],"class_list":["post-9500","post","type-post","status-publish","format-standard","has-post-thumbnail","hentry","category-monographic-series"],"_links":{"self":[{"href":"https:\/\/catedra-alberto-benveniste.org\/en\/wp-json\/wp\/v2\/posts\/9500","targetHints":{"allow":["GET"]}}],"collection":[{"href":"https:\/\/catedra-alberto-benveniste.org\/en\/wp-json\/wp\/v2\/posts"}],"about":[{"href":"https:\/\/catedra-alberto-benveniste.org\/en\/wp-json\/wp\/v2\/types\/post"}],"author":[{"embeddable":true,"href":"https:\/\/catedra-alberto-benveniste.org\/en\/wp-json\/wp\/v2\/users\/3"}],"replies":[{"embeddable":true,"href":"https:\/\/catedra-alberto-benveniste.org\/en\/wp-json\/wp\/v2\/comments?post=9500"}],"version-history":[{"count":1,"href":"https:\/\/catedra-alberto-benveniste.org\/en\/wp-json\/wp\/v2\/posts\/9500\/revisions"}],"predecessor-version":[{"id":10942,"href":"https:\/\/catedra-alberto-benveniste.org\/en\/wp-json\/wp\/v2\/posts\/9500\/revisions\/10942"}],"wp:featuredmedia":[{"embeddable":true,"href":"https:\/\/catedra-alberto-benveniste.org\/en\/wp-json\/wp\/v2\/media\/8922"}],"wp:attachment":[{"href":"https:\/\/catedra-alberto-benveniste.org\/en\/wp-json\/wp\/v2\/media?parent=9500"}],"wp:term":[{"taxonomy":"category","embeddable":true,"href":"https:\/\/catedra-alberto-benveniste.org\/en\/wp-json\/wp\/v2\/categories?post=9500"},{"taxonomy":"post_tag","embeddable":true,"href":"https:\/\/catedra-alberto-benveniste.org\/en\/wp-json\/wp\/v2\/tags?post=9500"}],"curies":[{"name":"wp","href":"https:\/\/api.w.org\/{rel}","templated":true}]}}