{"id":9499,"date":"2024-11-14T21:01:37","date_gmt":"2024-11-14T21:01:37","guid":{"rendered":"https:\/\/catedra-alberto-benveniste.org\/a-comuna-judaica-de-leiria-das-origens-a-expulsao\/"},"modified":"2024-11-14T21:01:37","modified_gmt":"2024-11-14T21:01:37","slug":"a-comuna-judaica-de-leiria-das-origens-a-expulsao","status":"publish","type":"post","link":"https:\/\/catedra-alberto-benveniste.org\/en\/a-comuna-judaica-de-leiria-das-origens-a-expulsao\/","title":{"rendered":"A Comuna Judaica de Leiria. Das origens \u00e0 expuls\u00e3o"},"content":{"rendered":"<p>1. Introdu\u00e7\u00e3o<br \/>\n2. Funda\u00e7\u00e3o da Judiaria e sua topografia<br \/>\n3. Infra-estruturas urbanas<br \/>\n4. Popula\u00e7\u00e3o<br \/>\n5. A antropon\u00edmia judaica local<br \/>\n6. Personalidade jur\u00eddica da comuna e administra\u00e7\u00e3o<br \/>\n7. Vida econ\u00f3mica e rendas da Judiaria<br \/>\n8. Sociedade e vida quotidiana<br \/>\n9. Cultura e convers\u00f5es ao Cristianismo<br \/>\n10. Expuls\u00e3o e sobreviv\u00eancias<br \/>\nDocumentos<\/p>\n","protected":false},"excerpt":{"rendered":"<p>1. Introdu\u00e7\u00e3o 2. Funda\u00e7\u00e3o da Judiaria e sua topografia 3. Infra-estruturas urbanas 4. Popula\u00e7\u00e3o 5. A antropon\u00edmia judaica local 6. Personalidade jur\u00eddica da comuna e administra\u00e7\u00e3o 7. Vida econ\u00f3mica e rendas da Judiaria 8. Sociedade e vida quotidiana 9. Cultura e convers\u00f5es ao Cristianismo 10. Expuls\u00e3o e sobreviv\u00eancias Documentos<\/p>\n","protected":false},"author":3,"featured_media":8923,"comment_status":"open","ping_status":"open","sticky":false,"template":"single-with-form","format":"standard","meta":{"footnotes":""},"categories":[44],"tags":[],"class_list":["post-9499","post","type-post","status-publish","format-standard","has-post-thumbnail","hentry","category-monographic-series"],"_links":{"self":[{"href":"https:\/\/catedra-alberto-benveniste.org\/en\/wp-json\/wp\/v2\/posts\/9499","targetHints":{"allow":["GET"]}}],"collection":[{"href":"https:\/\/catedra-alberto-benveniste.org\/en\/wp-json\/wp\/v2\/posts"}],"about":[{"href":"https:\/\/catedra-alberto-benveniste.org\/en\/wp-json\/wp\/v2\/types\/post"}],"author":[{"embeddable":true,"href":"https:\/\/catedra-alberto-benveniste.org\/en\/wp-json\/wp\/v2\/users\/3"}],"replies":[{"embeddable":true,"href":"https:\/\/catedra-alberto-benveniste.org\/en\/wp-json\/wp\/v2\/comments?post=9499"}],"version-history":[{"count":0,"href":"https:\/\/catedra-alberto-benveniste.org\/en\/wp-json\/wp\/v2\/posts\/9499\/revisions"}],"wp:featuredmedia":[{"embeddable":true,"href":"https:\/\/catedra-alberto-benveniste.org\/en\/wp-json\/wp\/v2\/media\/8923"}],"wp:attachment":[{"href":"https:\/\/catedra-alberto-benveniste.org\/en\/wp-json\/wp\/v2\/media?parent=9499"}],"wp:term":[{"taxonomy":"category","embeddable":true,"href":"https:\/\/catedra-alberto-benveniste.org\/en\/wp-json\/wp\/v2\/categories?post=9499"},{"taxonomy":"post_tag","embeddable":true,"href":"https:\/\/catedra-alberto-benveniste.org\/en\/wp-json\/wp\/v2\/tags?post=9499"}],"curies":[{"name":"wp","href":"https:\/\/api.w.org\/{rel}","templated":true}]}}