{"id":9498,"date":"2024-11-14T21:07:21","date_gmt":"2024-11-14T21:07:21","guid":{"rendered":"https:\/\/catedra-alberto-benveniste.org\/le-nove-son-tanto-e-tante-buone-che-dir-non-se-po-lisboa-dos-italianos-historia-e-arte-secs-xiv-xviii\/"},"modified":"2024-11-14T21:07:21","modified_gmt":"2024-11-14T21:07:21","slug":"le-nove-son-tanto-e-tante-buone-che-dir-non-se-po-lisboa-dos-italianos-historia-e-arte-secs-xiv-xviii","status":"publish","type":"post","link":"https:\/\/catedra-alberto-benveniste.org\/en\/le-nove-son-tanto-e-tante-buone-che-dir-non-se-po-lisboa-dos-italianos-historia-e-arte-secs-xiv-xviii\/","title":{"rendered":"Le nove son tanto e tante buone, che dir non se p\u00f2. Lisboa dos Italianos: Hist\u00f3ria e Arte (s\u00e9cs. XIV-XVIII)"},"content":{"rendered":"<section class=\"edDetDescricao\">\n<p class=\"destaqueDescricao\">Pref\u00e1cio, por A. A. Marques de Almeida&#8230;&#8230;&#8230;&#8230;&#8230;&#8230;&#8230;&#8230;&#8230;&#8230;9<\/p>\n<p>Introduzione, por Gaetano Sabatini&#8230;&#8230;&#8230;&#8230;&#8230;&#8230;&#8230;&#8230;&#8230;&#8230;&#8230;.13<\/p>\n<p>I Parte &#8211; Hist\u00f3ria<\/p>\n<p>&#8211; Giulia Rossi Vairo<br \/>\nLa Lisbona di Manuel Pessanha&#8230;&#8230;&#8230;&#8230;&#8230;&#8230;&#8230;&#8230;&#8230;&#8230;&#8230;&#8230;19<\/p>\n<p>&#8211; Francesco Guidi Bruscoli<br \/>\nBartolomeo Marchionni: um mercador-banqueiro florentino em Lisboa (s\u00e9culos XV-XVI)&#8230;&#8230;&#8230;&#8230;&#8230;&#8230;&#8230;&#8230;&#8230;&#8230;&#8230;&#8230;&#8230;&#8230;&#8230;&#8230;.39<\/p>\n<p>&#8211; James Nelson Novoa<br \/>\nPortugal em Roma e Roma em Portugal. Os not\u00e1rios do Tribunal do Auditor Camera como fonte para a hist\u00f3ria de Portugal atrav\u00e9s de alguns documentos&#8230;&#8230;&#8230;&#8230;&#8230;&#8230;&#8230;&#8230;&#8230;&#8230;&#8230;&#8230;&#8230;&#8230;&#8230;&#8230;&#8230;&#8230;&#8230;&#8230;.61<\/p>\n<p>&#8211; Ana Isabel Buescu<br \/>\nLivros italianos na grande livraria dos duques de Bragan\u00e7a na primeira metade do s\u00e9culo XVI: uma presen\u00e7a de destaque&#8230;&#8230;&#8230;&#8230;&#8230;&#8230;&#8230;&#8230;&#8230;&#8230;&#8230;&#8230;&#8230;&#8230;&#8230;&#8230;&#8230;&#8230;..77<\/p>\n<p>&#8211; Pedro Lage Reis Correia<br \/>\nDe passagem para o Oriente: a Lisboa de Alessandro Valignano (1573\/1574)&#8230;&#8230;&#8230;&#8230;&#8230;&#8230;&#8230;&#8230;&#8230;&#8230;&#8230;&#8230;&#8230;&#8230;&#8230;&#8230;&#8230;&#8230;..95<\/p>\n<p>&#8211; Nunziatella Alessandrini e Pedro Flor<br \/>\nInd\u00edcios, sinais e moradas dos Italianos &#8220;estantes&#8221; em Lisboa (s\u00e9c. XVI)&#8230;&#8230;&#8230;&#8230;&#8230;&#8230;&#8230;&#8230;&#8230;&#8230;&#8230;&#8230;&#8230;&#8230;&#8230;&#8230;&#8230;&#8230;&#8230;&#8230;&#8230;103<\/p>\n<p>&#8211; Mariagrazia Russo<br \/>\nImpressores italianos na Lisboa Pombalina&#8230;&#8230;&#8230;&#8230;&#8230;&#8230;&#8230;&#8230;&#8230;&#8230;&#8230;&#8230;&#8230;&#8230;&#8230;&#8230;&#8230;&#8230;&#8230;123<\/p>\n<p>II Parte &#8211; Arte<\/p>\n<p>&#8211; Susana Varela Flor<br \/>\nA entrada do N\u00fancio Apost\u00f3lico em Lisboa (1693)&#8230;&#8230;&#8230;&#8230;&#8230;&#8230;&#8230;&#8230;&#8230;&#8230;&#8230;&#8230;&#8230;&#8230;&#8230;&#8230;&#8230;&#8230;..137<\/p>\n<p>&#8211; Maria Jo\u00e3o Pereira Coutinho<br \/>\nA perman\u00eancia de Giovanni Vincenzo Casale em Portugal e o seu contributo para a produ\u00e7\u00e3o de obras de embutidos de pedraria policroma na segunda metade de Seiscentos&#8230;&#8230;&#8230;&#8230;&#8230;&#8230;&#8230;&#8230;&#8230;&#8230;&#8230;&#8230;&#8230;&#8230;&#8230;&#8230;&#8230;..159<\/p>\n<p>&#8211; Teresa Leonor M. Vale<br \/>\nOs Garvo, uma fam\u00edlia de artistas italianos em Lisboa e o seu papel no contexto da arte portuguesa de Seiscentos e Setecentos&#8230;&#8230;&#8230;&#8230;&#8230;&#8230;&#8230;&#8230;&#8230;&#8230;&#8230;&#8230;&#8230;&#8230;&#8230;&#8230;&#8230;&#8230;175<\/p>\n<p>&#8211; Giuseppina Raggi<br \/>\nLasciare l&#8217;orma: os passos de Filippo Juvarra na cidade de Lisboa&#8230;&#8230;&#8230;&#8230;&#8230;&#8230;&#8230;&#8230;&#8230;&#8230;&#8230;&#8230;&#8230;&#8230;&#8230;&#8230;&#8230;&#8230;&#8230;..189<\/p>\n<p>&#8211; Isabel Mendon\u00e7a<br \/>\nPaolo Dardani (1726-1789): o pintor de batalhas que viu baleias no Tejo&#8230;&#8230;&#8230;&#8230;&#8230;&#8230;&#8230;&#8230;&#8230;&#8230;&#8230;&#8230;&#8230;&#8230;&#8230;&#8230;&#8230;&#8230;&#8230;&#8230;219<\/p>\n<p>&#8211; M.\u00aa Alexandra T. Gago da C\u00e2mara<br \/>\nDesenhar para os Teatros em meados do s\u00e9culo XVIII: os trabalhos de Giovannio Carlo Sicinio Bibiena em Lisboa (1752-1760)&#8230;&#8230;&#8230;&#8230;&#8230;&#8230;&#8230;&#8230;&#8230;&#8230;&#8230;&#8230;&#8230;&#8230;&#8230;&#8230;&#8230;&#8230;&#8230;&#8230;239<\/p>\n<hr class=\"separador\" \/>\n<h3 class=\"destaqueSubtitulo\">Nunziatella Alessandrini, Pedro Flor, Mariagrazia Russo, Gaetano Sabatini (orgs.)<\/h3>\n<p class=\"destaqueDescricao\">O presente volume recolhe um conjunto de estudos no \u00e2mbito de novas pesquisas sobre as rela\u00e7\u00f5es luso-italianas entre o final da Idade M\u00e9dia e a \u00c9poca Moderna. A variedade das abordagens apresentadas no primeiro volume, Di buon affetto e commerzio. Rela\u00e7\u00f5es luso-italianas na Idade Moderna (CHAM, 2012), revelou que muito havia para investigar nesse sentido, da arte \u00e0 religi\u00e3o ou do com\u00e9rcio \u00e0 medicina. Deste modo, al\u00e9m de se concretizar numa l\u00f3gica de continuidade de um discurso iniciado em 2011, este segundo volume pretende focar-se sobre a cidade de Lisboa, seguindo o rasto deixado pela presen\u00e7a italiana nela residente ou de passagem, numa tentativa de reconstruir a mem\u00f3ria da Arte, do Patrim\u00f3nio e da Hist\u00f3ria da Lisboa italiana entre os s\u00e9culos XIV-XVIII.<\/p>\n<\/section>\n<section class=\"edDetColecao\">&nbsp;<\/p>\n<\/section>\n","protected":false},"excerpt":{"rendered":"<p>Pref\u00e1cio, por A. A. Marques de Almeida&#8230;&#8230;&#8230;&#8230;&#8230;&#8230;&#8230;&#8230;&#8230;&#8230;9 Introduzione, por Gaetano Sabatini&#8230;&#8230;&#8230;&#8230;&#8230;&#8230;&#8230;&#8230;&#8230;&#8230;&#8230;.13 I Parte &#8211; Hist\u00f3ria &#8211; Giulia Rossi Vairo La Lisbona di Manuel Pessanha&#8230;&#8230;&#8230;&#8230;&#8230;&#8230;&#8230;&#8230;&#8230;&#8230;&#8230;&#8230;19 &#8211; Francesco Guidi Bruscoli Bartolomeo Marchionni: um mercador-banqueiro florentino em Lisboa (s\u00e9culos XV-XVI)&#8230;&#8230;&#8230;&#8230;&#8230;&#8230;&#8230;&#8230;&#8230;&#8230;&#8230;&#8230;&#8230;&#8230;&#8230;&#8230;.39 &#8211; James Nelson Novoa Portugal em Roma e Roma em Portugal. Os not\u00e1rios do Tribunal do Auditor Camera [&hellip;]<\/p>\n","protected":false},"author":3,"featured_media":8924,"comment_status":"open","ping_status":"open","sticky":false,"template":"single-with-form","format":"standard","meta":{"footnotes":""},"categories":[44],"tags":[],"class_list":["post-9498","post","type-post","status-publish","format-standard","has-post-thumbnail","hentry","category-monographic-series"],"_links":{"self":[{"href":"https:\/\/catedra-alberto-benveniste.org\/en\/wp-json\/wp\/v2\/posts\/9498","targetHints":{"allow":["GET"]}}],"collection":[{"href":"https:\/\/catedra-alberto-benveniste.org\/en\/wp-json\/wp\/v2\/posts"}],"about":[{"href":"https:\/\/catedra-alberto-benveniste.org\/en\/wp-json\/wp\/v2\/types\/post"}],"author":[{"embeddable":true,"href":"https:\/\/catedra-alberto-benveniste.org\/en\/wp-json\/wp\/v2\/users\/3"}],"replies":[{"embeddable":true,"href":"https:\/\/catedra-alberto-benveniste.org\/en\/wp-json\/wp\/v2\/comments?post=9498"}],"version-history":[{"count":0,"href":"https:\/\/catedra-alberto-benveniste.org\/en\/wp-json\/wp\/v2\/posts\/9498\/revisions"}],"wp:featuredmedia":[{"embeddable":true,"href":"https:\/\/catedra-alberto-benveniste.org\/en\/wp-json\/wp\/v2\/media\/8924"}],"wp:attachment":[{"href":"https:\/\/catedra-alberto-benveniste.org\/en\/wp-json\/wp\/v2\/media?parent=9498"}],"wp:term":[{"taxonomy":"category","embeddable":true,"href":"https:\/\/catedra-alberto-benveniste.org\/en\/wp-json\/wp\/v2\/categories?post=9498"},{"taxonomy":"post_tag","embeddable":true,"href":"https:\/\/catedra-alberto-benveniste.org\/en\/wp-json\/wp\/v2\/tags?post=9498"}],"curies":[{"name":"wp","href":"https:\/\/api.w.org\/{rel}","templated":true}]}}