{"id":9497,"date":"2024-11-14T21:14:06","date_gmt":"2024-11-14T21:14:06","guid":{"rendered":"https:\/\/catedra-alberto-benveniste.org\/apostilas-a-antonio-luis\/"},"modified":"2024-11-14T21:14:06","modified_gmt":"2024-11-14T21:14:06","slug":"apostilas-a-antonio-luis","status":"publish","type":"post","link":"https:\/\/catedra-alberto-benveniste.org\/en\/apostilas-a-antonio-luis\/","title":{"rendered":"Apostilas a Ant\u00f3nio Lu\u00eds"},"content":{"rendered":"<p class=\"destaqueDescricao\">Pref\u00e1cio&#8230;&#8230;&#8230;&#8230;&#8230;&#8230;&#8230;&#8230;&#8230;&#8230;&#8230;&#8230;&#8230;&#8230;&#8230;&#8230;&#8230;&#8230;&#8230;..9<\/p>\n<p>Introdu\u00e7\u00e3o&#8230;&#8230;&#8230;&#8230;&#8230;&#8230;&#8230;&#8230;&#8230;&#8230;&#8230;&#8230;&#8230;&#8230;&#8230;&#8230;&#8230;&#8230;..15<\/p>\n<p>Textos<\/p>\n<p>1. Carta de Rodrigo S\u00e1nchez a Ant\u00f3nio Lu\u00eds&#8230;&#8230;&#8230;&#8230;&#8230;&#8230;&#8230;&#8230;69<\/p>\n<p>2. Carta dedicat\u00f3ria a Jo\u00e3o de Barros do Enchiridion&#8230;&#8230;&#8230;&#8230;&#8230;..79<\/p>\n<p>3. De pudore&#8230;&#8230;&#8230;&#8230;&#8230;&#8230;&#8230;&#8230;&#8230;&#8230;&#8230;..107<\/p>\n<p>4. Pref\u00e1cio aos Cinco Livros das Propriedades Ocultas, de Ant\u00f3nio Lu\u00eds&#8230;&#8230;&#8230;&#8230;&#8230;&#8230;&#8230;&#8230;&#8230;&#8230;&#8230;&#8230;&#8230;&#8230;197<\/p>\n<p>5. Carta dedicat\u00f3ria a Jo\u00e3o de Barros do livro De re medica, de Ant\u00f3nio Lu\u00eds&#8230;&#8230;&#8230;&#8230;&#8230;&#8230;&#8230;&#8230;&#8230;&#8230;&#8230;&#8230;.205<\/p>\n<p>6. Dedicat\u00f3ria de Ant\u00f3nio Lu\u00eds a Jo\u00e3o de Barros da tradu\u00e7\u00e3o latina dos Coment\u00e1rios de S. Cirilo de Alexandria ao profeta Isa\u00edas&#8230;&#8230;&#8230;&#8230;&#8230;&#8230;&#8230;&#8230;&#8230;&#8230;&#8230;&#8230;&#8230;&#8230;&#8230;..215<\/p>\n<p>7. Dedicat\u00f3ria de Ant\u00f3nio Lu\u00eds a Ant\u00f3nio Pinheiro de duas &#8220;declama\u00e7\u00f5es&#8221; de Lib\u00e2nio&#8230;&#8230;&#8230;&#8230;&#8230;&#8230;&#8230;&#8230;&#8230;&#8230;&#8230;&#8230;237<\/p>\n<p>8. Di\u00e1logo da viciosa vergonha de Jo\u00e3o de Barros&#8230;&#8230;&#8230;&#8230;&#8230;&#8230;&#8230;&#8230;&#8230;&#8230;&#8230;&#8230;&#8230;247<\/p>\n<hr class=\"separador\" \/>\n<h3 class=\"destaqueSubtitulo\">Ant\u00f3nio Guimar\u00e3es Pinto e Ant\u00f3nio Manuel Lopes de Andrade<\/h3>\n<p class=\"destaqueDescricao\">Ant\u00f3nio Lu\u00eds foi sempre uma figura pouco estudada, n\u00e3o obstante ser autor de uma obra significativa, em grande medida pela dificuldade que a sua express\u00e3o arrevesada colocava a quem quisesse adentar-se na obra deste m\u00e9dico crist\u00e3o-novo, totalmente redigida em Latim. Neste volume procura-se aquilatar-se &#8211; antes de mais, mediante a apresenta\u00e7\u00e3o de escritos seus &#8211; o valor intr\u00ednseco do autor dentro do quadro do Humanismo portugu\u00eas, sobretudo nas rela\u00e7\u00f5es liter\u00e1rias que estabeleceu com tr\u00eas vultos not\u00e1veis pertencentes \u00e0 sua roda intelectual: Jo\u00e3o de Barros, Ant\u00f3nio Pinheiro e Rodrigo S\u00e1nchez<\/p>\n","protected":false},"excerpt":{"rendered":"<p>Pref\u00e1cio&#8230;&#8230;&#8230;&#8230;&#8230;&#8230;&#8230;&#8230;&#8230;&#8230;&#8230;&#8230;&#8230;&#8230;&#8230;&#8230;&#8230;&#8230;&#8230;..9 Introdu\u00e7\u00e3o&#8230;&#8230;&#8230;&#8230;&#8230;&#8230;&#8230;&#8230;&#8230;&#8230;&#8230;&#8230;&#8230;&#8230;&#8230;&#8230;&#8230;&#8230;..15 Textos 1. Carta de Rodrigo S\u00e1nchez a Ant\u00f3nio Lu\u00eds&#8230;&#8230;&#8230;&#8230;&#8230;&#8230;&#8230;&#8230;69 2. Carta dedicat\u00f3ria a Jo\u00e3o de Barros do Enchiridion&#8230;&#8230;&#8230;&#8230;&#8230;..79 3. De pudore&#8230;&#8230;&#8230;&#8230;&#8230;&#8230;&#8230;&#8230;&#8230;&#8230;&#8230;..107 4. Pref\u00e1cio aos Cinco Livros das Propriedades Ocultas, de Ant\u00f3nio Lu\u00eds&#8230;&#8230;&#8230;&#8230;&#8230;&#8230;&#8230;&#8230;&#8230;&#8230;&#8230;&#8230;&#8230;&#8230;197 5. Carta dedicat\u00f3ria a Jo\u00e3o de Barros do livro De re medica, de Ant\u00f3nio Lu\u00eds&#8230;&#8230;&#8230;&#8230;&#8230;&#8230;&#8230;&#8230;&#8230;&#8230;&#8230;&#8230;.205 6. Dedicat\u00f3ria de Ant\u00f3nio Lu\u00eds a [&hellip;]<\/p>\n","protected":false},"author":3,"featured_media":8930,"comment_status":"open","ping_status":"open","sticky":false,"template":"single-with-form","format":"standard","meta":{"footnotes":""},"categories":[44],"tags":[],"class_list":["post-9497","post","type-post","status-publish","format-standard","has-post-thumbnail","hentry","category-monographic-series"],"_links":{"self":[{"href":"https:\/\/catedra-alberto-benveniste.org\/en\/wp-json\/wp\/v2\/posts\/9497","targetHints":{"allow":["GET"]}}],"collection":[{"href":"https:\/\/catedra-alberto-benveniste.org\/en\/wp-json\/wp\/v2\/posts"}],"about":[{"href":"https:\/\/catedra-alberto-benveniste.org\/en\/wp-json\/wp\/v2\/types\/post"}],"author":[{"embeddable":true,"href":"https:\/\/catedra-alberto-benveniste.org\/en\/wp-json\/wp\/v2\/users\/3"}],"replies":[{"embeddable":true,"href":"https:\/\/catedra-alberto-benveniste.org\/en\/wp-json\/wp\/v2\/comments?post=9497"}],"version-history":[{"count":0,"href":"https:\/\/catedra-alberto-benveniste.org\/en\/wp-json\/wp\/v2\/posts\/9497\/revisions"}],"wp:featuredmedia":[{"embeddable":true,"href":"https:\/\/catedra-alberto-benveniste.org\/en\/wp-json\/wp\/v2\/media\/8930"}],"wp:attachment":[{"href":"https:\/\/catedra-alberto-benveniste.org\/en\/wp-json\/wp\/v2\/media?parent=9497"}],"wp:term":[{"taxonomy":"category","embeddable":true,"href":"https:\/\/catedra-alberto-benveniste.org\/en\/wp-json\/wp\/v2\/categories?post=9497"},{"taxonomy":"post_tag","embeddable":true,"href":"https:\/\/catedra-alberto-benveniste.org\/en\/wp-json\/wp\/v2\/tags?post=9497"}],"curies":[{"name":"wp","href":"https:\/\/api.w.org\/{rel}","templated":true}]}}