{"id":11082,"date":"2026-04-28T08:40:44","date_gmt":"2026-04-28T08:40:44","guid":{"rendered":"https:\/\/catedra-alberto-benveniste.org\/public-presentation-of-a-new-cesab-edition\/"},"modified":"2026-04-29T11:30:22","modified_gmt":"2026-04-29T11:30:22","slug":"public-presentation-of-a-new-cesab-edition","status":"publish","type":"post","link":"https:\/\/catedra-alberto-benveniste.org\/en\/public-presentation-of-a-new-cesab-edition\/","title":{"rendered":"Public presentation of a new CESAB edition"},"content":{"rendered":"\n<p>CESAB invites all interested parties to join us for the public presentation of its most recent publication. Volume 6 of our Usque Collection consists of an edition of the work by Carolus Clusius (1525\u20131609), entitled <em>Alguns coment\u00e1rios \u00e0 \u201cDescri\u00e7\u00e3o das Especiarias\u201d de Garcia de Orta<\/em>. Edited by Rui Manuel Loureiro, with a translation of the Latin text by Ant\u00f3nio Guimar\u00e3es Pinto and contributions by Teresa Nobre de Carvalho, Istv\u00e1n R\u00e1c\u00f3czi, and Rui Manuel Loureiro himself, this edition will be presented by Mar\u00edlia dos Santos Lopes (Universidade Cat\u00f3lica Portuguesa) on May 6 at 5:00 p.m., in room B112.D of the Library building, at the Faculty of Arts and Humanities of the University of Lisbon.  <\/p>\n\n<p><\/p>\n\n<p><\/p>\n","protected":false},"excerpt":{"rendered":"<p>CESAB invites all interested parties to join us for the public presentation of its most recent publication. Volume 6 of our Usque Collection consists of an edition of the work by Carolus Clusius (1525\u20131609), entitled Alguns coment\u00e1rios \u00e0 \u201cDescri\u00e7\u00e3o das Especiarias\u201d de Garcia de Orta. Edited by Rui Manuel Loureiro, with a translation of the [&hellip;]<\/p>\n","protected":false},"author":4,"featured_media":11073,"comment_status":"closed","ping_status":"closed","sticky":false,"template":"","format":"standard","meta":{"footnotes":""},"categories":[49],"tags":[],"class_list":["post-11082","post","type-post","status-publish","format-standard","has-post-thumbnail","hentry","category-noticias-en"],"_links":{"self":[{"href":"https:\/\/catedra-alberto-benveniste.org\/en\/wp-json\/wp\/v2\/posts\/11082","targetHints":{"allow":["GET"]}}],"collection":[{"href":"https:\/\/catedra-alberto-benveniste.org\/en\/wp-json\/wp\/v2\/posts"}],"about":[{"href":"https:\/\/catedra-alberto-benveniste.org\/en\/wp-json\/wp\/v2\/types\/post"}],"author":[{"embeddable":true,"href":"https:\/\/catedra-alberto-benveniste.org\/en\/wp-json\/wp\/v2\/users\/4"}],"replies":[{"embeddable":true,"href":"https:\/\/catedra-alberto-benveniste.org\/en\/wp-json\/wp\/v2\/comments?post=11082"}],"version-history":[{"count":1,"href":"https:\/\/catedra-alberto-benveniste.org\/en\/wp-json\/wp\/v2\/posts\/11082\/revisions"}],"predecessor-version":[{"id":11083,"href":"https:\/\/catedra-alberto-benveniste.org\/en\/wp-json\/wp\/v2\/posts\/11082\/revisions\/11083"}],"wp:featuredmedia":[{"embeddable":true,"href":"https:\/\/catedra-alberto-benveniste.org\/en\/wp-json\/wp\/v2\/media\/11073"}],"wp:attachment":[{"href":"https:\/\/catedra-alberto-benveniste.org\/en\/wp-json\/wp\/v2\/media?parent=11082"}],"wp:term":[{"taxonomy":"category","embeddable":true,"href":"https:\/\/catedra-alberto-benveniste.org\/en\/wp-json\/wp\/v2\/categories?post=11082"},{"taxonomy":"post_tag","embeddable":true,"href":"https:\/\/catedra-alberto-benveniste.org\/en\/wp-json\/wp\/v2\/tags?post=11082"}],"curies":[{"name":"wp","href":"https:\/\/api.w.org\/{rel}","templated":true}]}}